{"id":87472,"date":"2019-06-03T14:12:53","date_gmt":"2019-06-03T12:12:53","guid":{"rendered":"https:\/\/zjarr.tv\/?p=87472"},"modified":"2019-06-03T14:12:53","modified_gmt":"2019-06-03T12:12:53","slug":"kreu-i-kmsh-bujar-spahiu-uron-besimtaret-myslimane-me-rastin-e-fiter-bajramit","status":"publish","type":"post","link":"https:\/\/zjarr.tv\/sq\/kreu-i-kmsh-bujar-spahiu-uron-besimtaret-myslimane-me-rastin-e-fiter-bajramit\/","title":{"rendered":"Kreu i KMSH, Bujar Spahiu uron besimtar\u00ebt mysliman\u00eb me rastin e Fit\u00ebr Bajramit"},"content":{"rendered":"<p><strong>Urimi i Kryetarit t\u00eb KMSH-s\u00eb, H. Bujar Spahiu me rastin e Fit\u00ebr Bajramit 2019<\/strong><\/p>\n<p>Me emrin e Allahut, M\u00ebshiruesit, M\u00ebshir\u00ebb\u00ebr\u00ebsit!<\/p>\n<p>T\u00eb nderuar v\u00ebllez\u00ebr dhe motra, t\u00eb nderuar besimtar\u00eb, sot ndahemi nga Ramazani, muaji m\u00eb i dashur dhe miku m\u00eb i mir\u00eb, muaji i agj\u00ebrimit, lutjeve, i shpalljes s\u00eb Kuranit, n\u00eb t\u00eb cilin nuk u kursye ndihma dhe m\u00ebshira hyjnore.<\/p>\n<p>Nes\u00ebr \u00ebsht\u00eb Bajram dhe me k\u00ebt\u00eb rast i uroj t\u00eb gjith\u00eb besimtar\u00ebt mysliman\u00eb shqiptar\u00eb kudo q\u00eb ndodhen, g\u00ebzuar Fit\u00ebr Bajramin. Paqe, lumturi dhe harmoni sjellt\u00eb n\u00eb familjet tuaja.<\/p>\n<p>N\u00eb Kur\u2019an Zoti i madh\u00ebruar thot\u00eb: \u201cP\u00ebr Mua agj\u00ebruat n\u00eb muajin e Ramazanit dhe sipas urdh\u00ebrit tim fal\u00ebt namazin e bajramit. Kthehuni tani n\u00eb sht\u00ebpit\u00eb tuaja t\u00eb pastruar nga gjynahet e t\u00eb falur\u201d. Allahu ua pranoft\u00eb agj\u00ebrimin, adhurimet dhe lutjet q\u00eb kemi b\u00ebr\u00eb gjat\u00eb k\u00ebtij muaji t\u00eb bekuar.<\/p>\n<p>Fit\u00ebr Bajrami \u00ebsht\u00eb dit\u00eb shprese, dit\u00eb g\u00ebzimi dhe solidarizimi. Bajrami \u00ebsht\u00eb ftesa nga zemra n\u00eb zem\u00ebr, p\u00ebr t\u00eb folur m\u00eb shum\u00eb me nj\u00ebri-tjetrin, p\u00ebr t\u2019u dashur, p\u00ebr t\u00eb sheshuar keqkutimet, mosmarrveshjet, m\u00ebrit\u00eb dhe z\u00ebnkat, p\u00ebr t\u00eb falur e toleruar.<\/p>\n<p>T\u00eb nderuar besimtar\u00eb, ta g\u00ebzojme k\u00ebt\u00eb fest\u00eb me familjen, farefisin, fqinj\u00ebt dhe gjith\u00eb shoq\u00ebrin\u00eb dhe me shpres\u00ebn te Zoti q\u00eb ky muaj t\u00eb na ket\u00eb b\u00ebr\u00eb m\u00eb t\u00eb mir\u00eb, m\u00eb af\u00ebr krijuesit e njer\u00ebzve.<\/p>\n<p>Gjat\u00eb k\u00ebtyre dit\u00ebve t\u00eb mos mungoj\u00eb v\u00ebmendja jon\u00eb ndaj f\u00ebmij\u00ebve, prind\u00ebrve, t\u00eb moshuarve, t\u00eb s\u00ebmur\u00ebve dhe shtres\u00ebs n\u00eb nevoj\u00eb.<\/p>\n<p>Le t\u00eb heshtim n\u00eb vend t\u00eb fjal\u00ebs s\u00eb keqe, e kur t\u00eb flasim, t\u00eb flasim bukur. Le t\u00eb sh\u00ebrbejn\u00eb k\u00ebto dit\u00eb feste p\u00ebr m\u00eb shum\u00eb mir\u00ebsi, v\u00ebllaz\u00ebri, miq\u00ebsi dhe dashuri, n\u00eb t\u00eb mir\u00eb t\u00eb shoq\u00ebris\u00eb, kombit dhe gjith\u00eb njer\u00ebzimit. Zoti ju dh\u00ebnt\u00eb mir\u00ebsi e begati dhe ua pranoft\u00eb agj\u00ebrimin e adhurimet q\u00eb keni kryer gjat\u00eb muajit t\u00eb bekuar t\u00eb Ramazanit.<\/p>\n<p>Edhe nj\u00eb her\u00eb g\u00ebzuar Fit\u00ebr Bajramin.<br \/>\nZoti qoft\u00eb i k\u00ebnaqur me ju!<\/p>\n<p>&nbsp;<\/p>\n","protected":false},"excerpt":{"rendered":"<p>Urimi i Kryetarit t\u00eb KMSH-s\u00eb, H. Bujar Spahiu me rastin e Fit\u00ebr Bajramit 2019 Me emrin e Allahut, M\u00ebshiruesit, M\u00ebshir\u00ebb\u00ebr\u00ebsit! T\u00eb nderuar v\u00ebllez\u00ebr dhe motra, t\u00eb nderuar besimtar\u00eb, sot ndahemi nga Ramazani, muaji m\u00eb i dashur dhe miku m\u00eb i mir\u00eb, muaji i agj\u00ebrimit, lutjeve, i shpalljes s\u00eb Kuranit, n\u00eb t\u00eb cilin nuk u kursye [&hellip;]<\/p>\n","protected":false},"author":2013,"featured_media":87473,"comment_status":"open","ping_status":"closed","sticky":false,"template":"","format":"standard","meta":{"footnotes":""},"categories":[241,235],"tags":[],"class_list":{"0":"post-87472","1":"post","2":"type-post","3":"status-publish","4":"format-standard","5":"has-post-thumbnail","7":"category-aktualitet","8":"category-vendi"},"_links":{"self":[{"href":"https:\/\/zjarr.tv\/sq\/wp-json\/wp\/v2\/posts\/87472","targetHints":{"allow":["GET"]}}],"collection":[{"href":"https:\/\/zjarr.tv\/sq\/wp-json\/wp\/v2\/posts"}],"about":[{"href":"https:\/\/zjarr.tv\/sq\/wp-json\/wp\/v2\/types\/post"}],"author":[{"embeddable":true,"href":"https:\/\/zjarr.tv\/sq\/wp-json\/wp\/v2\/users\/2013"}],"replies":[{"embeddable":true,"href":"https:\/\/zjarr.tv\/sq\/wp-json\/wp\/v2\/comments?post=87472"}],"version-history":[{"count":0,"href":"https:\/\/zjarr.tv\/sq\/wp-json\/wp\/v2\/posts\/87472\/revisions"}],"wp:featuredmedia":[{"embeddable":true,"href":"https:\/\/zjarr.tv\/sq\/wp-json\/wp\/v2\/media\/87473"}],"wp:attachment":[{"href":"https:\/\/zjarr.tv\/sq\/wp-json\/wp\/v2\/media?parent=87472"}],"wp:term":[{"taxonomy":"category","embeddable":true,"href":"https:\/\/zjarr.tv\/sq\/wp-json\/wp\/v2\/categories?post=87472"},{"taxonomy":"post_tag","embeddable":true,"href":"https:\/\/zjarr.tv\/sq\/wp-json\/wp\/v2\/tags?post=87472"}],"curies":[{"name":"wp","href":"https:\/\/api.w.org\/{rel}","templated":true}]}}