{"id":87475,"date":"2019-06-03T14:16:10","date_gmt":"2019-06-03T12:16:10","guid":{"rendered":"https:\/\/zjarr.tv\/?p=87475"},"modified":"2019-06-03T14:16:10","modified_gmt":"2019-06-03T12:16:10","slug":"brace-i-kujton-bashes-21-janarin-ke-mbi-kurriz-4-pushkatime","status":"publish","type":"post","link":"https:\/\/zjarr.tv\/sq\/brace-i-kujton-bashes-21-janarin-ke-mbi-kurriz-4-pushkatime\/","title":{"rendered":"Bra\u00e7e i kujton Bash\u00ebs 21 janarin: Ke mbi kurriz 4 pushkatime"},"content":{"rendered":"<p>Z\u00ebvend\u00ebskryeministri Erion Bra\u00e7e p\u00ebrmes nj\u00eb statusi n\u00eb \u201cInstagram\u201d ka hedhur akuza n\u00eb drejtim t\u00eb kreut demokrat Lulzim Basha.<br \/>\nBra\u00e7e thot\u00eb se Basha sot flet p\u00ebr demokraci, n\u00eb nj\u00eb koh\u00eb q\u00eb ka mbi kurriz akuza t\u00eb r\u00ebnda, nd\u00ebr t\u00eb tjera edhe at\u00eb p\u00ebr \u201cpushkatimin e 4 qytetar\u00ebve n\u00eb bulevardin D\u00ebshmor\u00ebt e Kombit\u201d.<br \/>\nStatusi i Bash\u00ebs:<br \/>\nLyrzim Basha kerkon<br \/>\nDemokraci, Shtet Ligjor dhe<br \/>\nDrejtesi te Barabarte!<br \/>\nMos u habisni, ai vete eshte?<br \/>\nPasi u kthjellua sot ne te gdhire,<br \/>\nu kujtua ne ajer se dje ka thene:<br \/>\nKOHA E FJALEVE MBAROI,<br \/>\nTANI DO FLASIN KRIMINELET SOVRANE TE PARTISE!<br \/>\nE rende eshte, sidomos si pergjigje ndaj<br \/>\nSekretarit te Pergjithshem te NATO-s,<br \/>\ni cili, dje ne Tirane, pak para tij tha:<br \/>\nDHUNA POLITIKE ESHTE E PAPRANUESHME!<br \/>\n(Vini re, \u201cdhuna politike\u201d, as e shquan kush si \u201cdhune popullore\u201d, sic do Lyrzimi)<br \/>\nPikerisht, me i kthjellet, por mbi te gjitha<br \/>\ni lire, jo peng sic eshte ne Tirane,<br \/>\nLyrzim Basha ka sqaruar se kerkon:<br \/>\nDemokraci, Shtet Ligjor dhe<br \/>\nDrejtesi te Barabarte!<br \/>\nPatjeter qe duhen keto;<br \/>\nPor Demokraci pa zgjedhje nuk ka kund;<br \/>\nPor Shtet Ligjor ku ligjin e shkelin vec kriminelet sovrane te Partise me dhune e me zjarr, nuk ka kund;<br \/>\nPo shyqyr; Drejtesia e Barabarte nis me gjykimin e akuzes zyrtare te Prokurorise,<br \/>\nte cilen Lyrzim Basha e ka mbi kurriz;<br \/>\nHetimin me ne fund te pushkatimit ne mes te dites te kater qytetareve te pa armatosur e te pafaj ne 21 janar nga forcat e armatosura te nje qeverie qe drejtohej nga Sali Berisha dhe Lyrzim Basha.<br \/>\nE nisim keshtu dhe e cojme deri tek i fundit!<\/p>\n","protected":false},"excerpt":{"rendered":"<p>Z\u00ebvend\u00ebskryeministri Erion Bra\u00e7e p\u00ebrmes nj\u00eb statusi n\u00eb \u201cInstagram\u201d ka hedhur akuza n\u00eb drejtim t\u00eb kreut demokrat Lulzim Basha. Bra\u00e7e thot\u00eb se Basha sot flet p\u00ebr demokraci, n\u00eb nj\u00eb koh\u00eb q\u00eb ka mbi kurriz akuza t\u00eb r\u00ebnda, nd\u00ebr t\u00eb tjera edhe at\u00eb p\u00ebr \u201cpushkatimin e 4 qytetar\u00ebve n\u00eb bulevardin D\u00ebshmor\u00ebt e Kombit\u201d. Statusi i Bash\u00ebs: Lyrzim [&hellip;]<\/p>\n","protected":false},"author":2013,"featured_media":69795,"comment_status":"open","ping_status":"closed","sticky":false,"template":"","format":"standard","meta":{"footnotes":""},"categories":[241,235],"tags":[],"class_list":{"0":"post-87475","1":"post","2":"type-post","3":"status-publish","4":"format-standard","5":"has-post-thumbnail","7":"category-aktualitet","8":"category-vendi"},"_links":{"self":[{"href":"https:\/\/zjarr.tv\/sq\/wp-json\/wp\/v2\/posts\/87475","targetHints":{"allow":["GET"]}}],"collection":[{"href":"https:\/\/zjarr.tv\/sq\/wp-json\/wp\/v2\/posts"}],"about":[{"href":"https:\/\/zjarr.tv\/sq\/wp-json\/wp\/v2\/types\/post"}],"author":[{"embeddable":true,"href":"https:\/\/zjarr.tv\/sq\/wp-json\/wp\/v2\/users\/2013"}],"replies":[{"embeddable":true,"href":"https:\/\/zjarr.tv\/sq\/wp-json\/wp\/v2\/comments?post=87475"}],"version-history":[{"count":0,"href":"https:\/\/zjarr.tv\/sq\/wp-json\/wp\/v2\/posts\/87475\/revisions"}],"wp:featuredmedia":[{"embeddable":true,"href":"https:\/\/zjarr.tv\/sq\/wp-json\/wp\/v2\/media\/69795"}],"wp:attachment":[{"href":"https:\/\/zjarr.tv\/sq\/wp-json\/wp\/v2\/media?parent=87475"}],"wp:term":[{"taxonomy":"category","embeddable":true,"href":"https:\/\/zjarr.tv\/sq\/wp-json\/wp\/v2\/categories?post=87475"},{"taxonomy":"post_tag","embeddable":true,"href":"https:\/\/zjarr.tv\/sq\/wp-json\/wp\/v2\/tags?post=87475"}],"curies":[{"name":"wp","href":"https:\/\/api.w.org\/{rel}","templated":true}]}}