{"id":87478,"date":"2019-06-03T14:23:52","date_gmt":"2019-06-03T12:23:52","guid":{"rendered":"https:\/\/zjarr.tv\/?p=87478"},"modified":"2019-06-03T14:23:52","modified_gmt":"2019-06-03T12:23:52","slug":"paloka-rama-e-lleshaj-ushtrojne-terror-dhe-frike-i-kane-bere-llogarite-gabim","status":"publish","type":"post","link":"https:\/\/zjarr.tv\/sq\/paloka-rama-e-lleshaj-ushtrojne-terror-dhe-frike-i-kane-bere-llogarite-gabim\/","title":{"rendered":"Paloka: Rama e Lleshaj ushtrojn\u00eb terror dhe frik\u00eb, i kan\u00eb b\u00ebr\u00eb llogarit\u00eb gabim"},"content":{"rendered":"<p>N\u00ebnkryetari i PD, Edi Paloka ka denoncuar sjelljen e policis\u00eb dhe t\u00eb truprojave t\u00eb ministrit t\u00eb Brendsh\u00ebm, Sand\u00ebr Lleshaj ndaj ish-deputetit demokrat Bardh Spahia.<\/p>\n<p>N\u00eb nj\u00eb deklarat\u00eb nga selia e PD, Paloka tha se nga paniku i protestave t\u00eb opozit\u00ebs, Rama ka urdh\u00ebruar t\u00eb ushtroj\u00eb dhun\u00eb dhe t\u00eb b\u00ebj\u00eb arrestime masive.<\/p>\n<p><strong>Paloka:<\/strong>\u00a0<em>PD d\u00ebnon me ashp\u00ebrsi ndalimin, shoq\u00ebrimin dhe arrestimin e protestuesve paq\u00ebsor\u00eb kund\u00ebr t\u00eb cil\u00ebve nuk ka asnj\u00eb prov\u00eb. Jan\u00eb me dhjet\u00ebra qytetar\u00ebt t\u00eb ndaluar me urdh\u00ebr t\u00eb Ram\u00ebs dhe mbetjes komuniste Sander Lleshaj, t\u00eb cil\u00ebt kan\u00eb p\u00ebr q\u00ebllim t\u00eb ushtrojn\u00eb terror ose t\u00eb frik\u00ebsojn\u00eb shqiptar\u00ebt. I kan\u00eb b\u00ebr\u00eb llogarit\u00eb gabim. I zhytur n\u00eb panik, Edi Rama po p\u00ebrdor represionin duke filluar nga narkopolic\u00ebt dhe bandit\u00ebt me uniform\u00eb q\u00eb p\u00ebrgatisin raporte t\u00eb rreme kund\u00ebr protestuesve deri tek prokuror\u00ebt e Arta Markut q\u00eb ngren\u00eb akuza politike.<\/em><\/p>\n<p>&nbsp;<\/p>\n","protected":false},"excerpt":{"rendered":"<p>N\u00ebnkryetari i PD, Edi Paloka ka denoncuar sjelljen e policis\u00eb dhe t\u00eb truprojave t\u00eb ministrit t\u00eb Brendsh\u00ebm, Sand\u00ebr Lleshaj ndaj ish-deputetit demokrat Bardh Spahia. N\u00eb nj\u00eb deklarat\u00eb nga selia e PD, Paloka tha se nga paniku i protestave t\u00eb opozit\u00ebs, Rama ka urdh\u00ebruar t\u00eb ushtroj\u00eb dhun\u00eb dhe t\u00eb b\u00ebj\u00eb arrestime masive. Paloka:\u00a0PD d\u00ebnon me ashp\u00ebrsi [&hellip;]<\/p>\n","protected":false},"author":2013,"featured_media":65761,"comment_status":"open","ping_status":"closed","sticky":false,"template":"","format":"standard","meta":{"footnotes":""},"categories":[241,235],"tags":[],"class_list":{"0":"post-87478","1":"post","2":"type-post","3":"status-publish","4":"format-standard","5":"has-post-thumbnail","7":"category-aktualitet","8":"category-vendi"},"_links":{"self":[{"href":"https:\/\/zjarr.tv\/sq\/wp-json\/wp\/v2\/posts\/87478","targetHints":{"allow":["GET"]}}],"collection":[{"href":"https:\/\/zjarr.tv\/sq\/wp-json\/wp\/v2\/posts"}],"about":[{"href":"https:\/\/zjarr.tv\/sq\/wp-json\/wp\/v2\/types\/post"}],"author":[{"embeddable":true,"href":"https:\/\/zjarr.tv\/sq\/wp-json\/wp\/v2\/users\/2013"}],"replies":[{"embeddable":true,"href":"https:\/\/zjarr.tv\/sq\/wp-json\/wp\/v2\/comments?post=87478"}],"version-history":[{"count":0,"href":"https:\/\/zjarr.tv\/sq\/wp-json\/wp\/v2\/posts\/87478\/revisions"}],"wp:featuredmedia":[{"embeddable":true,"href":"https:\/\/zjarr.tv\/sq\/wp-json\/wp\/v2\/media\/65761"}],"wp:attachment":[{"href":"https:\/\/zjarr.tv\/sq\/wp-json\/wp\/v2\/media?parent=87478"}],"wp:term":[{"taxonomy":"category","embeddable":true,"href":"https:\/\/zjarr.tv\/sq\/wp-json\/wp\/v2\/categories?post=87478"},{"taxonomy":"post_tag","embeddable":true,"href":"https:\/\/zjarr.tv\/sq\/wp-json\/wp\/v2\/tags?post=87478"}],"curies":[{"name":"wp","href":"https:\/\/api.w.org\/{rel}","templated":true}]}}