{"id":87480,"date":"2019-06-03T14:29:14","date_gmt":"2019-06-03T12:29:14","guid":{"rendered":"https:\/\/zjarr.tv\/?p=87480"},"modified":"2019-06-03T14:29:14","modified_gmt":"2019-06-03T12:29:14","slug":"termetet-ne-korceministrja-xhacka-viziton-neser-banoret-e-prekur","status":"publish","type":"post","link":"https:\/\/zjarr.tv\/sq\/termetet-ne-korceministrja-xhacka-viziton-neser-banoret-e-prekur\/","title":{"rendered":"T\u00ebrmetet n\u00eb Kor\u00e7\u00eb,ministrja Xha\u00e7ka viziton nes\u00ebr banor\u00ebt e prekur"},"content":{"rendered":"<p>Ministrja e Mbrojtjes, Olta Xhacka do t\u00eb takoj\u00eb zhvilloj\u00eb nes\u00ebr nj\u00eb mbledhje Shtabin e Emergjencave n\u00eb Korc\u00eb dhe do t\u00eb vizitoj\u00eb familjet n\u00eb fshatrat e prekur nga t\u00ebrmeti.<\/p>\n<p>Nd\u00ebrkoh\u00eb, lidhur me situat\u00ebn, Ministria e Mbrojtjes p\u00ebrmes Drejtoris\u00eb s\u00eb P\u00ebrgjithshme t\u00eb Emergjencave Civile informon se:<\/p>\n<p>Deri m\u00eb tani Instituti i Gjeoshkenc\u00ebs, Energjis\u00eb, Ujit dhe Mjedisit, ka regjistruar rreth 100 l\u00ebkundje sizmike n\u00eb qarkun e Kor\u00e7\u00ebs.<\/p>\n<p>L\u00ebkundja m\u00eb e fort\u00eb ka qen\u00eb m\u00eb dat\u00ebn 02.06.2019, ora 15:34:53, me koordinata 40.450 n\u00eb Veri dhe 20.780 n\u00eb Lindje, magnitud\u00eb M=4 Rihter, dhe me epiqend\u00ebr 18 km n\u00eb jug t\u00eb qytetit Kor\u00e7\u00eb.\u00a0 Nga informacionet e marra \u00ebsht\u00eb raportuar se l\u00ebkundjet e t\u00ebrmetit jan\u00eb ndier n\u00eb zonat p\u00ebrreth epiqendrave, por pa patur d\u00ebme materiale dhe njer\u00ebzore. Situata vazhdon t\u00eb jet\u00eb n\u00ebn monitorim t\u00eb vazhduesh\u00ebm.<\/p>\n<p>Situata e p\u00ebrgjithshme mbi gjendjen e banor\u00ebve dhe situat\u00ebs n\u00eb 3 fshatrat e prekur nga t\u00ebrmeti me magnitud\u00eb M=5.3 Rihter, dat\u00eb 01.06.2019, \u00ebsht\u00eb si m\u00eb posht\u00eb: Nga verifikimi i b\u00ebr\u00eb n\u00eb 3 fshatra rezultojn\u00eb 184 banesa t\u00eb d\u00ebmtuara, prej t\u00eb cilave 95 t\u00eb d\u00ebmtuara r\u00ebnd\u00eb, pjesa m\u00eb e madhe e tyre banesa t\u00eb pabanueshme prej vitesh.<\/p>\n<p>N\u00eb fshatin Floq jan\u00eb sistemuar 160 banor\u00eb n\u00eb 13 \u00e7adra me kapacitet deri n\u00eb 20 vende.\u00a0 N\u00eb fshatin Vidohov\u00eb jan\u00eb ngritur 4 \u00e7adra, sipas nevojave t\u00eb banor\u00ebve. Jan\u00eb sistemuar 40 persona dhe nga k\u00ebta 20 persona n\u00eb kish\u00ebn e fshatit dhe 20 n\u00eb t\u00eb af\u00ebrmit e tyre. N\u00eb fshatin Qaf\u00ebzez jan\u00eb sistemuar 30 persona n\u00eb 5 \u00e7adra t\u00eb ngritura nga 10 q\u00eb jan\u00eb d\u00ebrguar. N\u00eb k\u00ebto dy fshatra, disa prej banor\u00ebve kan\u00eb k\u00ebrkuar q\u00eb t\u00eb strehohen pran\u00eb t\u00eb af\u00ebrmve t\u00eb tyre.<\/p>\n<p>Jan\u00eb d\u00ebrguar 240 pako ushqimore, 100 thas\u00eb me miell, 100 detergjente. Nga k\u00ebto 100 pako jan\u00eb d\u00ebrguar nga organizata joqeveritare, 100 pako ushqimore nga Drejtoria e Rezervave Materiale t\u00eb Shtetit p\u00ebr t\u00eb tre fshatrat dhe 40 pako nga Kryqi i Kuq p\u00ebr tre fshatra.\u00a0 P\u00ebr furnizimin me uj\u00eb t\u00eb pijsh\u00ebm n\u00eb fshatin Floq \u00ebsht\u00eb v\u00ebn\u00eb n\u00eb dispozicion 1 bot i Detashmentit t\u00eb Mb\u00ebshtetjes Rajonale, si dhe bidon\u00eb me uj\u00eb t\u00eb pijsh\u00ebm nga TAP. Nga TAP \u00ebsht\u00eb siguruar ushqim ditor p\u00ebr 160 banor\u00eb t\u00eb fshatit Floq.<\/p>\n<p>Sh\u00ebrbimi sh\u00ebndet\u00ebsor ka qen\u00eb dhe \u00ebsht\u00eb prezent pran\u00eb familjeve t\u00eb evakuuar dhe ka kryer nd\u00ebrhyrje p\u00ebr \u00e7do rast problematik kur \u00ebsht\u00eb paraqitur. N\u00eb fshatin Floq \u00ebsht\u00eb ngritur 1 qend\u00ebr sh\u00ebndet\u00ebsore.<\/p>\n<p>Jan\u00eb angazhuar n\u00eb total 15 mjete nga t\u00eb cilat Prefektura 2, Detashmenti i Mb\u00ebshtetjes Rajonale 3, Policia 2, Spitali Kor\u00e7\u00eb 1, Bashkit\u00eb 6, Kryqi i Kuq 1, si dhe grupi vullnetar i Bashkis\u00eb Tiran\u00eb 1.\u00a0 Nga strukturat e FA t\u00eb Ministris\u00eb s\u00eb Mbrojtjes n\u00eb k\u00ebto 2 dit\u00eb jan\u00eb angazhuar gjithsej n\u00eb ndihm\u00eb t\u00eb banor\u00ebve t\u00eb zon\u00ebs 47 forca, 4 mjete dhe 2 zjarrfik\u00ebse.<\/p>\n<p>Krahas drejtuesve t\u00eb bashkis\u00eb dhe prefektur\u00ebs, specialist\u00ebve t\u00eb EC, t\u00eb cil\u00ebt jan\u00eb n\u00eb terren q\u00eb prej momenteve t\u00eb para, n\u00eb Korc\u00eb situata \u00ebsht\u00eb ndjekur nga af\u00ebr nga Drejtori i P\u00ebrgjithsh\u00ebm, Haki Cako, zv. Ministri Petro Koci dhe disa ministra t\u00eb ministrive t\u00eb linj\u00ebs.<\/p>\n<p>&nbsp;<\/p>\n","protected":false},"excerpt":{"rendered":"<p>Ministrja e Mbrojtjes, Olta Xhacka do t\u00eb takoj\u00eb zhvilloj\u00eb nes\u00ebr nj\u00eb mbledhje Shtabin e Emergjencave n\u00eb Korc\u00eb dhe do t\u00eb vizitoj\u00eb familjet n\u00eb fshatrat e prekur nga t\u00ebrmeti. Nd\u00ebrkoh\u00eb, lidhur me situat\u00ebn, Ministria e Mbrojtjes p\u00ebrmes Drejtoris\u00eb s\u00eb P\u00ebrgjithshme t\u00eb Emergjencave Civile informon se: Deri m\u00eb tani Instituti i Gjeoshkenc\u00ebs, Energjis\u00eb, Ujit dhe Mjedisit, ka [&hellip;]<\/p>\n","protected":false},"author":2013,"featured_media":66168,"comment_status":"open","ping_status":"closed","sticky":false,"template":"","format":"standard","meta":{"footnotes":""},"categories":[241,235],"tags":[],"class_list":{"0":"post-87480","1":"post","2":"type-post","3":"status-publish","4":"format-standard","5":"has-post-thumbnail","7":"category-aktualitet","8":"category-vendi"},"_links":{"self":[{"href":"https:\/\/zjarr.tv\/sq\/wp-json\/wp\/v2\/posts\/87480","targetHints":{"allow":["GET"]}}],"collection":[{"href":"https:\/\/zjarr.tv\/sq\/wp-json\/wp\/v2\/posts"}],"about":[{"href":"https:\/\/zjarr.tv\/sq\/wp-json\/wp\/v2\/types\/post"}],"author":[{"embeddable":true,"href":"https:\/\/zjarr.tv\/sq\/wp-json\/wp\/v2\/users\/2013"}],"replies":[{"embeddable":true,"href":"https:\/\/zjarr.tv\/sq\/wp-json\/wp\/v2\/comments?post=87480"}],"version-history":[{"count":0,"href":"https:\/\/zjarr.tv\/sq\/wp-json\/wp\/v2\/posts\/87480\/revisions"}],"wp:featuredmedia":[{"embeddable":true,"href":"https:\/\/zjarr.tv\/sq\/wp-json\/wp\/v2\/media\/66168"}],"wp:attachment":[{"href":"https:\/\/zjarr.tv\/sq\/wp-json\/wp\/v2\/media?parent=87480"}],"wp:term":[{"taxonomy":"category","embeddable":true,"href":"https:\/\/zjarr.tv\/sq\/wp-json\/wp\/v2\/categories?post=87480"},{"taxonomy":"post_tag","embeddable":true,"href":"https:\/\/zjarr.tv\/sq\/wp-json\/wp\/v2\/tags?post=87480"}],"curies":[{"name":"wp","href":"https:\/\/api.w.org\/{rel}","templated":true}]}}