{"id":87489,"date":"2019-06-03T14:41:26","date_gmt":"2019-06-03T12:41:26","guid":{"rendered":"https:\/\/zjarr.tv\/?p=87489"},"modified":"2019-06-03T14:41:26","modified_gmt":"2019-06-03T12:41:26","slug":"eksperti-amerikan-serbise-i-duhet-ta-njohe-kosoven-ne-kufijte-ekzistues","status":"publish","type":"post","link":"https:\/\/zjarr.tv\/sq\/eksperti-amerikan-serbise-i-duhet-ta-njohe-kosoven-ne-kufijte-ekzistues\/","title":{"rendered":"Eksperti amerikan: Serbis\u00eb i duhet ta njoh\u00eb Kosov\u00ebn n\u00eb kufijt\u00eb ekzistues"},"content":{"rendered":"<p>Eksperti amerikan i politik\u00ebs s\u00eb jashtme, David L. Phillips, deklaroi se kur b\u00ebhet fjal\u00eb p\u00ebr iden\u00eb e shk\u00ebmbimit t\u00eb territorit, q\u00ebndrimi i Shteteve t\u00eb Bashkuara t\u00eb Amerik\u00ebs \u00ebsht\u00eb \u201ci paqart\u00eb\u201d nga ai i Bashkimit Europian.<br \/>\nPhillips, drejtori i Programit p\u00ebr Paqe dhe t\u00eb Drejtat n\u00eb Institutin p\u00ebr t\u00eb Drejtat e Njeriut n\u00eb Universitetin e Kolumbis\u00eb, nj\u00ebher\u00ebsh autor i tekstit \u201cNegociatat sekrete do t\u00eb tradhtojn\u00eb Kosov\u00ebn\u201d, tha p\u00ebr portalin Demostat se disa individ\u00eb n\u00eb K\u00ebshillin e Sigurimit Komb\u00ebtar t\u00eb SHBA mb\u00ebshtesin ndarjen e Kosov\u00ebs, derisa t\u00eb tjer\u00ebt, duke p\u00ebrfshir\u00eb an\u00ebtar\u00ebt e Kongresit, kund\u00ebrshtojn\u00eb korrigjimin e kufirit.<br \/>\nPhillips argumenton se ideja e shk\u00ebmbimit t\u00eb territorit \u00ebsht\u00eb e keqe, nd\u00ebr t\u00eb tjera, pasi nuk n\u00ebnkupton an\u00ebtar\u00ebsimin automatik t\u00eb Kosov\u00ebs n\u00eb OKB dhe thot\u00eb se nj\u00eb plan i till\u00eb nuk do t\u00eb merrte mb\u00ebshtetjen e Parlamentit t\u00eb Serbis\u00eb.<br \/>\n\u201cSerbis\u00eb thjesht i duhet ta njoh\u00eb Kosov\u00ebn brenda kufijve ekzistues. Taksat do t\u00eb hiqen dhe rruga e Serbis\u00eb drejt an\u00ebtar\u00ebsimit n\u00eb BE do t\u00eb p\u00ebrshpejtohet, pasi ajo do t\u00eb p\u00ebrmbush\u00eb kriteret n\u00eb Kapitullin 35\u201d, tha ai.<\/p>\n","protected":false},"excerpt":{"rendered":"<p>Eksperti amerikan i politik\u00ebs s\u00eb jashtme, David L. Phillips, deklaroi se kur b\u00ebhet fjal\u00eb p\u00ebr iden\u00eb e shk\u00ebmbimit t\u00eb territorit, q\u00ebndrimi i Shteteve t\u00eb Bashkuara t\u00eb Amerik\u00ebs \u00ebsht\u00eb \u201ci paqart\u00eb\u201d nga ai i Bashkimit Europian. Phillips, drejtori i Programit p\u00ebr Paqe dhe t\u00eb Drejtat n\u00eb Institutin p\u00ebr t\u00eb Drejtat e Njeriut n\u00eb Universitetin e Kolumbis\u00eb, [&hellip;]<\/p>\n","protected":false},"author":2013,"featured_media":87490,"comment_status":"open","ping_status":"closed","sticky":false,"template":"","format":"standard","meta":{"footnotes":""},"categories":[241,2],"tags":[],"class_list":{"0":"post-87489","1":"post","2":"type-post","3":"status-publish","4":"format-standard","5":"has-post-thumbnail","7":"category-aktualitet","8":"category-rajoni"},"_links":{"self":[{"href":"https:\/\/zjarr.tv\/sq\/wp-json\/wp\/v2\/posts\/87489","targetHints":{"allow":["GET"]}}],"collection":[{"href":"https:\/\/zjarr.tv\/sq\/wp-json\/wp\/v2\/posts"}],"about":[{"href":"https:\/\/zjarr.tv\/sq\/wp-json\/wp\/v2\/types\/post"}],"author":[{"embeddable":true,"href":"https:\/\/zjarr.tv\/sq\/wp-json\/wp\/v2\/users\/2013"}],"replies":[{"embeddable":true,"href":"https:\/\/zjarr.tv\/sq\/wp-json\/wp\/v2\/comments?post=87489"}],"version-history":[{"count":0,"href":"https:\/\/zjarr.tv\/sq\/wp-json\/wp\/v2\/posts\/87489\/revisions"}],"wp:featuredmedia":[{"embeddable":true,"href":"https:\/\/zjarr.tv\/sq\/wp-json\/wp\/v2\/media\/87490"}],"wp:attachment":[{"href":"https:\/\/zjarr.tv\/sq\/wp-json\/wp\/v2\/media?parent=87489"}],"wp:term":[{"taxonomy":"category","embeddable":true,"href":"https:\/\/zjarr.tv\/sq\/wp-json\/wp\/v2\/categories?post=87489"},{"taxonomy":"post_tag","embeddable":true,"href":"https:\/\/zjarr.tv\/sq\/wp-json\/wp\/v2\/tags?post=87489"}],"curies":[{"name":"wp","href":"https:\/\/api.w.org\/{rel}","templated":true}]}}