{"id":87492,"date":"2019-06-03T14:42:56","date_gmt":"2019-06-03T12:42:56","guid":{"rendered":"https:\/\/zjarr.tv\/?p=87492"},"modified":"2019-06-03T14:42:56","modified_gmt":"2019-06-03T12:42:56","slug":"demokracia-e-re-fiton-zgjedhjet-rajonale-ne-greqi-disfate-per-syriza-n-e-tsipras","status":"publish","type":"post","link":"https:\/\/zjarr.tv\/sq\/demokracia-e-re-fiton-zgjedhjet-rajonale-ne-greqi-disfate-per-syriza-n-e-tsipras\/","title":{"rendered":"Demokracia e Re fiton zgjedhjet rajonale n\u00eb Greqi, disfat\u00eb p\u00ebr SYRIZA-n e Tsipras"},"content":{"rendered":"<p><em>Opozita greke ka arritur t\u00eb marr\u00eb shumic\u00ebn e qyteteve m\u00eb t\u00eb m\u00ebdha t\u00eb vendit n\u00eb gar\u00ebn p\u00ebr rajonet dhe bashkit\u00eb. Kryeministri Aleksis Tsipras e pranoi humbjen dhe deklaroi se po p\u00ebrgatitet p\u00ebr betej\u00ebn elektorale t\u00eb 7 korrikut. Rivali i tij konservator \u00ebsht\u00eb zotuar t\u00eb zhvilloj\u00eb nj\u00eb fushat\u00eb t\u00eb civilizuar dhe ka shprehur bindjen se do t\u00eb jet\u00eb kryeministri i ardhsh\u00ebm.<\/em><\/p>\n<p>T\u00eb djatht\u00ebt n\u00eb Greqi trimfuan n\u00eb shumic\u00ebn e rajoneve t\u00eb vendit n\u00eb raundin e dyt\u00eb t\u00eb zgjedhjeve vendore q\u00eb u mbajt\u00ebn t\u00eb diel\u00ebn.<\/p>\n<p>Grupi politik i &#8220;Demokracis\u00eb s\u00eb Re&#8221; mori 12 nga 13 zonat m\u00eb t\u00eb m\u00ebdha dhe fitoi shumic\u00ebn e qyteteve.<\/p>\n<p>N\u00eb kryeqytet, Kostas Bakojanis, djali i ish-kryebashkiakes konservatore Dora Bakojanis dhe nipi i liderit t\u00eb opozit\u00ebs, Kirjakos Micotakis, fitoi me nj\u00eb diferenc\u00eb t\u00eb madhe kundrejt rivalit t\u00eb Siriz\u00ebs, duke marr\u00eb 65 p\u00ebr qind t\u00eb votave.<\/p>\n<p>Kandidat\u00ebt e djatht\u00eb shpall\u00ebn fitoren edhe n\u00eb qytetin e dyt\u00eb m\u00eb t\u00eb madh t\u00eb vendit, n\u00eb Selanik.<\/p>\n<p>Konservatori Micotakis deklaroi pas publikimit t\u00eb rezultateve se harta e Greqis\u00eb \u00ebsht\u00eb ngjyrosur e t\u00ebra blu.<\/p>\n<p>Ai tha se deri n\u00eb zgjedhjet e parakohshme t\u00eb muajit t\u00eb ardhsh\u00ebm, do t\u00eb ndjek\u00eb nj\u00eb fushat\u00eb elektorale t\u00eb moderuar dhe qytetare.<\/p>\n<p>Sikund\u00ebr nj\u00eb jav\u00eb m\u00eb par\u00eb me zgjedhjet europiane, kryeministri socialist Aleksis Tsipras e pranoi disfat\u00ebn edhe n\u00eb zgjedhjet rajonale dhe ato bashkiake, duke theksuar se objektivi p\u00ebr partin\u00eb e tij tani mbetet beteja p\u00ebr zgjedhjet komb\u00ebtare t\u00eb 7 korrikut.<\/p>\n<p>Zgjedhjet e reja parlamentare vijn\u00eb tre muaj p\u00ebrpara afatit formal pasi qeveria e majt\u00eb e Tsipras vijon t\u00eb humbas\u00eb mb\u00ebshtetjen n\u00eb elektorat, ve\u00e7an\u00ebrisht t\u00eb klas\u00ebs s\u00eb mesme, pavar\u00ebsisht uljeve t\u00eb taksave dhe rritjes s\u00eb pensioneve q\u00eb prezantoi nj\u00eb muaj m\u00eb par\u00eb.<\/p>\n<p>Sondazhet tregojn\u00eb se opozita pritet t\u00eb ruaj\u00eb ep\u00ebrsin\u00eb aktuale me gati 9 p\u00ebr qind edhe n\u00eb zgjedhjet e af\u00ebrta.<\/p>\n<p>&nbsp;<\/p>\n","protected":false},"excerpt":{"rendered":"<p>Opozita greke ka arritur t\u00eb marr\u00eb shumic\u00ebn e qyteteve m\u00eb t\u00eb m\u00ebdha t\u00eb vendit n\u00eb gar\u00ebn p\u00ebr rajonet dhe bashkit\u00eb. Kryeministri Aleksis Tsipras e pranoi humbjen dhe deklaroi se po p\u00ebrgatitet p\u00ebr betej\u00ebn elektorale t\u00eb 7 korrikut. Rivali i tij konservator \u00ebsht\u00eb zotuar t\u00eb zhvilloj\u00eb nj\u00eb fushat\u00eb t\u00eb civilizuar dhe ka shprehur bindjen se do [&hellip;]<\/p>\n","protected":false},"author":2013,"featured_media":87493,"comment_status":"open","ping_status":"closed","sticky":false,"template":"","format":"standard","meta":{"footnotes":""},"categories":[241,2],"tags":[],"class_list":{"0":"post-87492","1":"post","2":"type-post","3":"status-publish","4":"format-standard","5":"has-post-thumbnail","7":"category-aktualitet","8":"category-rajoni"},"_links":{"self":[{"href":"https:\/\/zjarr.tv\/sq\/wp-json\/wp\/v2\/posts\/87492","targetHints":{"allow":["GET"]}}],"collection":[{"href":"https:\/\/zjarr.tv\/sq\/wp-json\/wp\/v2\/posts"}],"about":[{"href":"https:\/\/zjarr.tv\/sq\/wp-json\/wp\/v2\/types\/post"}],"author":[{"embeddable":true,"href":"https:\/\/zjarr.tv\/sq\/wp-json\/wp\/v2\/users\/2013"}],"replies":[{"embeddable":true,"href":"https:\/\/zjarr.tv\/sq\/wp-json\/wp\/v2\/comments?post=87492"}],"version-history":[{"count":0,"href":"https:\/\/zjarr.tv\/sq\/wp-json\/wp\/v2\/posts\/87492\/revisions"}],"wp:featuredmedia":[{"embeddable":true,"href":"https:\/\/zjarr.tv\/sq\/wp-json\/wp\/v2\/media\/87493"}],"wp:attachment":[{"href":"https:\/\/zjarr.tv\/sq\/wp-json\/wp\/v2\/media?parent=87492"}],"wp:term":[{"taxonomy":"category","embeddable":true,"href":"https:\/\/zjarr.tv\/sq\/wp-json\/wp\/v2\/categories?post=87492"},{"taxonomy":"post_tag","embeddable":true,"href":"https:\/\/zjarr.tv\/sq\/wp-json\/wp\/v2\/tags?post=87492"}],"curies":[{"name":"wp","href":"https:\/\/api.w.org\/{rel}","templated":true}]}}