{"id":87508,"date":"2019-06-03T14:58:59","date_gmt":"2019-06-03T12:58:59","guid":{"rendered":"https:\/\/zjarr.tv\/?p=87508"},"modified":"2019-06-03T14:58:59","modified_gmt":"2019-06-03T12:58:59","slug":"emergjencat-ne-korce-manastirliu-sherbim-24-7-per-banoret","status":"publish","type":"post","link":"https:\/\/zjarr.tv\/sq\/emergjencat-ne-korce-manastirliu-sherbim-24-7-per-banoret\/","title":{"rendered":"Emergjencat n\u00eb Kor\u00e7\u00eb, Manastirliu: Sh\u00ebrbim 24\/7 p\u00ebr banor\u00ebt"},"content":{"rendered":"<p>\u201cSh\u00ebrbimi sh\u00ebndet\u00ebsor po ofrohet 24\/7 p\u00ebr banor\u00ebt e zonave t\u00eb prekura nga t\u00ebrmeti\u201d. Deklarata u b\u00eb nga Ministrja Manastirliu n\u00eb mbledhjen q\u00eb u zhvillua n\u00eb Prefektur\u00ebn e Kor\u00e7\u00ebs, n\u00ebn drejtimin e prefektit Dhori Spirollari, ku marrin pjes\u00eb Kryetari i Bashkis\u00eb, deputet\u00eb t\u00eb qarkut t\u00eb Kor\u00e7\u00ebs, p\u00ebrfaq\u00ebsues t\u00eb shtabit t\u00eb emergjenc\u00ebs, drejtues t\u00eb strukturave vendore t\u00eb sh\u00ebndet\u00ebsis\u00eb t\u00eb angazhuar p\u00ebr t\u2019u ardhur n\u00eb ndihm\u00eb banor\u00ebve t\u00eb prekur nga t\u00ebrmeti.<\/p>\n<p>\u201cSh\u00ebndet\u00ebsia \u00ebsht\u00eb e organizuar p\u00ebr t\u00eb ofruar sh\u00ebrbime 24\/7 n\u00eb Plloq ku p\u00ebrve\u00e7 \u00e7adr\u00ebs me sh\u00ebrbim sh\u00ebndet\u00ebsor, kemi hapur nj\u00eb pik\u00eb t\u00eb posa\u00e7me n\u00eb ambientet e shkoll\u00ebs, ku aktualisht po ofrohet sh\u00ebrbimi sh\u00ebndet\u00ebsor. Gjithashtu kemi vendosur 2 autoambulanca n\u00eb dispozicion, p\u00ebr \u00e7do emergjenc\u00eb q\u00eb mund t\u00eb ket\u00eb\u201d, tha Manastirliu.<\/p>\n<p>Ministrja e Sh\u00ebndet\u00ebsis\u00eb tha se jan\u00eb marr\u00eb t\u00eb gjitha masat n\u00eb spital, me mjek\u00ebt n\u00eb gatishm\u00ebri 24\/7 p\u00ebr \u00e7do emergjenc\u00eb t\u00eb mundshme.<\/p>\n<p>\u201cJan\u00eb 37 konsultat e kryera dhe sh\u00ebrbimet e ofruara nga ekipi i sh\u00ebndet\u00ebsis\u00eb. Kemi vendosur mjek\u00eb dhe infermier\u00eb me turne. Mjek\u00ebt e spitalit t\u00eb Kor\u00e7\u00ebs jan\u00eb vendosur n\u00eb gatishm\u00ebri 24 or\u00eb. Edhe n\u00eb Qaf\u00ebzez sh\u00ebrbimi sh\u00ebndet\u00ebsor \u00ebsht\u00eb i ofruar nga mjek\u00ebt e spitalit t\u00eb Kolonj\u00ebs me 1 mjek\u00eb dhe 2 infermier\u00eb\u201d, u shpreh Ministrja.<\/p>\n<p>Gjat\u00eb takimit t\u00eb zhvilluar n\u00eb Prefektur\u00eb u diskutua edhe p\u00ebr sh\u00ebrbimin psikosocial p\u00ebr banor\u00ebt q\u00eb kan\u00eb nevoj\u00eb.<\/p>\n<p>\u201cJemi duke vler\u00ebsuar t\u00eb gjitha familjet p\u00ebr t\u00eb vler\u00ebsuar t\u00eb gjitha mund\u00ebsit\u00eb q\u00eb n\u00ebnat bashk\u00eb me f\u00ebmij\u00ebt t\u00eb mund t\u00eb akomodohen n\u00eb mjedise q\u00eb do t\u2019i garantojm\u00eb n\u00ebp\u00ebrmjet bashkis\u00eb apo qendra sociale. Kurse t\u00eb moshuarit me probleme sh\u00ebndet\u00ebsore do t\u00eb marrin sh\u00ebrbimin n\u00eb spitale n\u00eb rastet kur ata kan\u00eb nevoj\u00eb\u201d \u2013 tha ministrja.<\/p>\n<p>&nbsp;<\/p>\n","protected":false},"excerpt":{"rendered":"<p>\u201cSh\u00ebrbimi sh\u00ebndet\u00ebsor po ofrohet 24\/7 p\u00ebr banor\u00ebt e zonave t\u00eb prekura nga t\u00ebrmeti\u201d. Deklarata u b\u00eb nga Ministrja Manastirliu n\u00eb mbledhjen q\u00eb u zhvillua n\u00eb Prefektur\u00ebn e Kor\u00e7\u00ebs, n\u00ebn drejtimin e prefektit Dhori Spirollari, ku marrin pjes\u00eb Kryetari i Bashkis\u00eb, deputet\u00eb t\u00eb qarkut t\u00eb Kor\u00e7\u00ebs, p\u00ebrfaq\u00ebsues t\u00eb shtabit t\u00eb emergjenc\u00ebs, drejtues t\u00eb strukturave vendore t\u00eb [&hellip;]<\/p>\n","protected":false},"author":2013,"featured_media":58960,"comment_status":"open","ping_status":"closed","sticky":false,"template":"","format":"standard","meta":{"footnotes":""},"categories":[241,235],"tags":[],"class_list":{"0":"post-87508","1":"post","2":"type-post","3":"status-publish","4":"format-standard","5":"has-post-thumbnail","7":"category-aktualitet","8":"category-vendi"},"_links":{"self":[{"href":"https:\/\/zjarr.tv\/sq\/wp-json\/wp\/v2\/posts\/87508","targetHints":{"allow":["GET"]}}],"collection":[{"href":"https:\/\/zjarr.tv\/sq\/wp-json\/wp\/v2\/posts"}],"about":[{"href":"https:\/\/zjarr.tv\/sq\/wp-json\/wp\/v2\/types\/post"}],"author":[{"embeddable":true,"href":"https:\/\/zjarr.tv\/sq\/wp-json\/wp\/v2\/users\/2013"}],"replies":[{"embeddable":true,"href":"https:\/\/zjarr.tv\/sq\/wp-json\/wp\/v2\/comments?post=87508"}],"version-history":[{"count":0,"href":"https:\/\/zjarr.tv\/sq\/wp-json\/wp\/v2\/posts\/87508\/revisions"}],"wp:featuredmedia":[{"embeddable":true,"href":"https:\/\/zjarr.tv\/sq\/wp-json\/wp\/v2\/media\/58960"}],"wp:attachment":[{"href":"https:\/\/zjarr.tv\/sq\/wp-json\/wp\/v2\/media?parent=87508"}],"wp:term":[{"taxonomy":"category","embeddable":true,"href":"https:\/\/zjarr.tv\/sq\/wp-json\/wp\/v2\/categories?post=87508"},{"taxonomy":"post_tag","embeddable":true,"href":"https:\/\/zjarr.tv\/sq\/wp-json\/wp\/v2\/tags?post=87508"}],"curies":[{"name":"wp","href":"https:\/\/api.w.org\/{rel}","templated":true}]}}