{"id":87558,"date":"2019-06-03T15:37:59","date_gmt":"2019-06-03T13:37:59","guid":{"rendered":"https:\/\/zjarr.tv\/?p=87558"},"modified":"2019-06-03T15:37:59","modified_gmt":"2019-06-03T13:37:59","slug":"kendohet-kenge-kunder-shqiptareve-ne-qender-te-shkupit","status":"publish","type":"post","link":"https:\/\/zjarr.tv\/sq\/kendohet-kenge-kunder-shqiptareve-ne-qender-te-shkupit\/","title":{"rendered":"K\u00ebndohet k\u00ebng\u00eb kund\u00ebr shqiptar\u00ebve n\u00eb qend\u00ebr t\u00eb Shkupit"},"content":{"rendered":"<p>Vardari i Shkupit ia doli q\u00eb t\u00eb shpallet kampion i Lig\u00ebs s\u00eb Kampioneve n\u00eb Europ\u00eb n\u00eb sportin e Handbollit. Skuadra nga Maqedonia e Veriut triumfoi p\u00ebrball\u00eb klubit hungarez, Telekom Veszprem n\u00eb finalen e zhvilluar n\u00eb K\u00ebln t\u00eb Gjermanis\u00eb.<\/p>\n<p>Mir\u00ebpo, tifoz-grupi \u201cKomiti\u201d, sikund\u00ebr \u00e7do her\u00eb vijon t\u00eb ofendoj\u00eb shqiptar\u00ebt. \u201cVdekje shqiptar\u00ebve\u201d, \u201cshqiptar\u00eb t\u00eb mjer\u00eb\u201d, ishin disa thirrje t\u00eb tyre n\u00eb koh\u00ebn q\u00eb po \u201cfestonin\u201d n\u00eb qend\u00ebr t\u00eb kryeqytetit t\u00eb Maqedonis\u00eb Veriore.<\/p>\n<p>Ajo q\u00eb e b\u00ebn situat\u00ebn akoma m\u00eb t\u00eb r\u00ebnd\u00eb \u00ebsht\u00eb se as kryetari i Shkupit Petre Shilegov dhe as ndonj\u00eb institucion tjet\u00ebr n\u00eb shtetin fqinj nuk ka reaguar p\u00ebr korin racist.<\/p>\n<p>&nbsp;<\/p>\n","protected":false},"excerpt":{"rendered":"<p>Vardari i Shkupit ia doli q\u00eb t\u00eb shpallet kampion i Lig\u00ebs s\u00eb Kampioneve n\u00eb Europ\u00eb n\u00eb sportin e Handbollit. Skuadra nga Maqedonia e Veriut triumfoi p\u00ebrball\u00eb klubit hungarez, Telekom Veszprem n\u00eb finalen e zhvilluar n\u00eb K\u00ebln t\u00eb Gjermanis\u00eb. Mir\u00ebpo, tifoz-grupi \u201cKomiti\u201d, sikund\u00ebr \u00e7do her\u00eb vijon t\u00eb ofendoj\u00eb shqiptar\u00ebt. \u201cVdekje shqiptar\u00ebve\u201d, \u201cshqiptar\u00eb t\u00eb mjer\u00eb\u201d, ishin disa [&hellip;]<\/p>\n","protected":false},"author":2013,"featured_media":87559,"comment_status":"open","ping_status":"closed","sticky":false,"template":"","format":"standard","meta":{"footnotes":""},"categories":[241,2],"tags":[],"class_list":{"0":"post-87558","1":"post","2":"type-post","3":"status-publish","4":"format-standard","5":"has-post-thumbnail","7":"category-aktualitet","8":"category-rajoni"},"_links":{"self":[{"href":"https:\/\/zjarr.tv\/sq\/wp-json\/wp\/v2\/posts\/87558","targetHints":{"allow":["GET"]}}],"collection":[{"href":"https:\/\/zjarr.tv\/sq\/wp-json\/wp\/v2\/posts"}],"about":[{"href":"https:\/\/zjarr.tv\/sq\/wp-json\/wp\/v2\/types\/post"}],"author":[{"embeddable":true,"href":"https:\/\/zjarr.tv\/sq\/wp-json\/wp\/v2\/users\/2013"}],"replies":[{"embeddable":true,"href":"https:\/\/zjarr.tv\/sq\/wp-json\/wp\/v2\/comments?post=87558"}],"version-history":[{"count":0,"href":"https:\/\/zjarr.tv\/sq\/wp-json\/wp\/v2\/posts\/87558\/revisions"}],"wp:featuredmedia":[{"embeddable":true,"href":"https:\/\/zjarr.tv\/sq\/wp-json\/wp\/v2\/media\/87559"}],"wp:attachment":[{"href":"https:\/\/zjarr.tv\/sq\/wp-json\/wp\/v2\/media?parent=87558"}],"wp:term":[{"taxonomy":"category","embeddable":true,"href":"https:\/\/zjarr.tv\/sq\/wp-json\/wp\/v2\/categories?post=87558"},{"taxonomy":"post_tag","embeddable":true,"href":"https:\/\/zjarr.tv\/sq\/wp-json\/wp\/v2\/tags?post=87558"}],"curies":[{"name":"wp","href":"https:\/\/api.w.org\/{rel}","templated":true}]}}