{"id":87573,"date":"2019-06-03T16:01:17","date_gmt":"2019-06-03T14:01:17","guid":{"rendered":"https:\/\/zjarr.tv\/?p=87573"},"modified":"2019-06-03T16:01:17","modified_gmt":"2019-06-03T14:01:17","slug":"zylfije-haklaj-sfidon-berishen-gati-te-perballem-per-te-verteten","status":"publish","type":"post","link":"https:\/\/zjarr.tv\/sq\/zylfije-haklaj-sfidon-berishen-gati-te-perballem-per-te-verteten\/","title":{"rendered":"Zylfije Haklaj sfidon Berish\u00ebn: Gati t\u00eb p\u00ebrballem p\u00ebr t\u00eb v\u00ebrtet\u00ebn"},"content":{"rendered":"<p>Zylfije Haklaj sfidon ish-kryeministrin Sali Berisha duke i k\u00ebrkuar p\u00ebrballje. Motra e v\u00ebllez\u00ebrve Haklaj, nj\u00eb prej tyre i akuzuar p\u00ebr vrasjen e Azem Hajdarit, deklaron se \u00ebsht\u00eb gati q\u00eb t\u00eb p\u00ebrballet me Berish\u00ebn n\u00eb cil\u00ebndo studio televizive p\u00ebr t\u00eb sqaruar t\u00eb v\u00ebrtet\u00ebn e ngjarjeve n\u00eb Tropoj\u00eb mes familjes s\u00eb saj dhe ish-kryeministrit.<\/p>\n<p>Zylfije Haklaj nd\u00ebr t\u00eb tjera thot\u00eb se d\u00ebshiron q\u00eb edhe Berisha t\u00eb m\u00ebsoj\u00eb se nga kush u p\u00ebrdor kund\u00ebr familjes s\u00eb saj. E ashtuquajtur \u201cShota e Haklajve\u201d, \u00ebsht\u00eb nj\u00eb nga personazhet q\u00eb ka akuzuar n\u00eb jo pak raste Berish\u00ebn p\u00ebr ngjarjet q\u00eb kan\u00eb ndodhur n\u00eb Tropoj\u00eb pas viteve \u201990.<\/p>\n<p>Kat\u00ebr v\u00ebllez\u00ebrit e saj Shk\u00eblqim, Halil, Ylli dhe Fatmir Haklaj jan\u00eb vrar\u00eb n\u00eb Tropoj\u00eb. Aktualisht Zylfije Haklaj \u00ebsht\u00eb nj\u00eb prej personave t\u00eb k\u00ebrkuar nga Interpol p\u00ebr nj\u00eb vrasje t\u00eb kryer n\u00eb Bajram Curri p\u00ebr t\u00eb marr\u00eb hak p\u00ebr v\u00ebllez\u00ebrit e saj.<\/p>\n<p>&nbsp;<\/p>\n","protected":false},"excerpt":{"rendered":"<p>Zylfije Haklaj sfidon ish-kryeministrin Sali Berisha duke i k\u00ebrkuar p\u00ebrballje. Motra e v\u00ebllez\u00ebrve Haklaj, nj\u00eb prej tyre i akuzuar p\u00ebr vrasjen e Azem Hajdarit, deklaron se \u00ebsht\u00eb gati q\u00eb t\u00eb p\u00ebrballet me Berish\u00ebn n\u00eb cil\u00ebndo studio televizive p\u00ebr t\u00eb sqaruar t\u00eb v\u00ebrtet\u00ebn e ngjarjeve n\u00eb Tropoj\u00eb mes familjes s\u00eb saj dhe ish-kryeministrit. Zylfije Haklaj nd\u00ebr [&hellip;]<\/p>\n","protected":false},"author":2013,"featured_media":87574,"comment_status":"open","ping_status":"closed","sticky":false,"template":"","format":"standard","meta":{"footnotes":""},"categories":[241,235],"tags":[],"class_list":{"0":"post-87573","1":"post","2":"type-post","3":"status-publish","4":"format-standard","5":"has-post-thumbnail","7":"category-aktualitet","8":"category-vendi"},"_links":{"self":[{"href":"https:\/\/zjarr.tv\/sq\/wp-json\/wp\/v2\/posts\/87573","targetHints":{"allow":["GET"]}}],"collection":[{"href":"https:\/\/zjarr.tv\/sq\/wp-json\/wp\/v2\/posts"}],"about":[{"href":"https:\/\/zjarr.tv\/sq\/wp-json\/wp\/v2\/types\/post"}],"author":[{"embeddable":true,"href":"https:\/\/zjarr.tv\/sq\/wp-json\/wp\/v2\/users\/2013"}],"replies":[{"embeddable":true,"href":"https:\/\/zjarr.tv\/sq\/wp-json\/wp\/v2\/comments?post=87573"}],"version-history":[{"count":0,"href":"https:\/\/zjarr.tv\/sq\/wp-json\/wp\/v2\/posts\/87573\/revisions"}],"wp:featuredmedia":[{"embeddable":true,"href":"https:\/\/zjarr.tv\/sq\/wp-json\/wp\/v2\/media\/87574"}],"wp:attachment":[{"href":"https:\/\/zjarr.tv\/sq\/wp-json\/wp\/v2\/media?parent=87573"}],"wp:term":[{"taxonomy":"category","embeddable":true,"href":"https:\/\/zjarr.tv\/sq\/wp-json\/wp\/v2\/categories?post=87573"},{"taxonomy":"post_tag","embeddable":true,"href":"https:\/\/zjarr.tv\/sq\/wp-json\/wp\/v2\/tags?post=87573"}],"curies":[{"name":"wp","href":"https:\/\/api.w.org\/{rel}","templated":true}]}}