{"id":87582,"date":"2019-06-03T16:17:32","date_gmt":"2019-06-03T14:17:32","guid":{"rendered":"https:\/\/zjarr.tv\/?p=87582"},"modified":"2019-06-03T16:17:32","modified_gmt":"2019-06-03T14:17:32","slug":"rrezikoi-qendrimin-ne-elite-zyrtari-i-fshf-se-zbulon-mangesine-te-tirana","status":"publish","type":"post","link":"https:\/\/zjarr.tv\/sq\/rrezikoi-qendrimin-ne-elite-zyrtari-i-fshf-se-zbulon-mangesine-te-tirana\/","title":{"rendered":"Rrezikoi q\u00ebndrimin n\u00eb elit\u00eb, zyrtari i FSHF-s\u00eb zbulon mang\u00ebsin\u00eb te Tirana"},"content":{"rendered":"<p>Kastrioti ishte nj\u00eb nga skuadrat m\u00eb simpatike t\u00eb edicionit t\u00eb 80-t\u00eb t\u00eb Kategoris\u00eb Superiore.<\/p>\n<p>Krutan\u00ebt zhvilluar nj\u00eb faz\u00eb t\u00eb dyt\u00eb fantastike, por kjo nuk i sh\u00ebrbeu p\u00ebr t\u00eb shmangur r\u00ebnien nga kategoria. Nj\u00eb episod q\u00eb nuk \u00ebsht\u00eb p\u00eblqyer aspak edhe ish-futbollistit t\u00eb Partizanit, Ilir Shulku, i cili n\u00eb &#8220;Fair Play nga Enkeleida Zeko&#8221; u shpreh se ekipi kishte grint\u00eb. Nj\u00eb cil\u00ebsi q\u00eb i mungoi Tiran\u00ebs, me bardheblut\u00eb q\u00eb shmang\u00ebn n\u00eb limite r\u00ebnien.<\/p>\n<p><em>&#8220;Kastrioti ka zhvilluar nj\u00eb kampionat, sidomos pjes\u00ebn e dyt\u00eb. Ka q\u00ebn\u00eb nj\u00eb kampionat shum\u00eb i mir\u00eb, nj\u00eb ekip shum\u00eb i mir\u00eb, shum\u00eb kompakt. Ndoshta, ndoshta &#8230; nuk do t\u00eb gaboja n\u00ebse do t\u00eb thoja se faza e dyt\u00eb ka q\u00ebn\u00eb nj\u00eb nga m\u00eb t\u00eb mirat n\u00eb aspektin sportiv. Realisht m\u00eb ka b\u00ebr\u00eb p\u00ebrshtypje p\u00ebr disa ndeshje m\u00ebnyra se si ka luajtur dhe grinta q\u00eb ka dh\u00ebn\u00eb nga minuta \u00a0e par\u00eb deri n\u00eb minut\u00ebn e fundit t\u00eb \u00e7do ndeshjeje. Ndoshta Tiran\u00ebs kjo i ka munguar n\u00eb k\u00ebt\u00eb faz\u00eb t\u00eb sezonit, t\u00eb cil\u00ebn Kastrioti e kishte nj\u00eb pik\u00eb shum\u00eb t\u00eb fort\u00eb.<\/em>\u00a0&#8220;-tha Shulku.<\/p>\n<p>&nbsp;<\/p>\n","protected":false},"excerpt":{"rendered":"<p>Kastrioti ishte nj\u00eb nga skuadrat m\u00eb simpatike t\u00eb edicionit t\u00eb 80-t\u00eb t\u00eb Kategoris\u00eb Superiore. Krutan\u00ebt zhvilluar nj\u00eb faz\u00eb t\u00eb dyt\u00eb fantastike, por kjo nuk i sh\u00ebrbeu p\u00ebr t\u00eb shmangur r\u00ebnien nga kategoria. Nj\u00eb episod q\u00eb nuk \u00ebsht\u00eb p\u00eblqyer aspak edhe ish-futbollistit t\u00eb Partizanit, Ilir Shulku, i cili n\u00eb &#8220;Fair Play nga Enkeleida Zeko&#8221; u shpreh [&hellip;]<\/p>\n","protected":false},"author":2013,"featured_media":87583,"comment_status":"open","ping_status":"closed","sticky":false,"template":"","format":"standard","meta":{"footnotes":""},"categories":[241,192],"tags":[],"class_list":{"0":"post-87582","1":"post","2":"type-post","3":"status-publish","4":"format-standard","5":"has-post-thumbnail","7":"category-aktualitet","8":"category-sport"},"_links":{"self":[{"href":"https:\/\/zjarr.tv\/sq\/wp-json\/wp\/v2\/posts\/87582","targetHints":{"allow":["GET"]}}],"collection":[{"href":"https:\/\/zjarr.tv\/sq\/wp-json\/wp\/v2\/posts"}],"about":[{"href":"https:\/\/zjarr.tv\/sq\/wp-json\/wp\/v2\/types\/post"}],"author":[{"embeddable":true,"href":"https:\/\/zjarr.tv\/sq\/wp-json\/wp\/v2\/users\/2013"}],"replies":[{"embeddable":true,"href":"https:\/\/zjarr.tv\/sq\/wp-json\/wp\/v2\/comments?post=87582"}],"version-history":[{"count":0,"href":"https:\/\/zjarr.tv\/sq\/wp-json\/wp\/v2\/posts\/87582\/revisions"}],"wp:featuredmedia":[{"embeddable":true,"href":"https:\/\/zjarr.tv\/sq\/wp-json\/wp\/v2\/media\/87583"}],"wp:attachment":[{"href":"https:\/\/zjarr.tv\/sq\/wp-json\/wp\/v2\/media?parent=87582"}],"wp:term":[{"taxonomy":"category","embeddable":true,"href":"https:\/\/zjarr.tv\/sq\/wp-json\/wp\/v2\/categories?post=87582"},{"taxonomy":"post_tag","embeddable":true,"href":"https:\/\/zjarr.tv\/sq\/wp-json\/wp\/v2\/tags?post=87582"}],"curies":[{"name":"wp","href":"https:\/\/api.w.org\/{rel}","templated":true}]}}