{"id":87585,"date":"2019-06-03T16:19:07","date_gmt":"2019-06-03T14:19:07","guid":{"rendered":"https:\/\/zjarr.tv\/?p=87585"},"modified":"2019-06-03T16:19:07","modified_gmt":"2019-06-03T14:19:07","slug":"miqesoret-me-fqinjet-kombetarja-u-17-zbulon-listen-e-te-grumbulluarve","status":"publish","type":"post","link":"https:\/\/zjarr.tv\/sq\/miqesoret-me-fqinjet-kombetarja-u-17-zbulon-listen-e-te-grumbulluarve\/","title":{"rendered":"Miq\u00ebsoret me fqinj\u00ebt, komb\u00ebtarja U-17 zbulon list\u00ebn e t\u00eb grumbulluarve"},"content":{"rendered":"<p>Shqip\u00ebria U-17 e drejtuar nga trajneri Elvin Beqiri do t\u00eb zhvilloj\u00eb dy ndeshje miq\u00ebsore ndaj fqinj\u00ebve t\u00eb Maqedonis\u00eb s\u00eb Veriut n\u00eb datat 5 dhe 7 qershor.<\/p>\n<p>Pjes\u00eb e k\u00ebtij grumbullimi do t\u00eb jen\u00eb plot 23 futbollist\u00eb t\u00eb grumbulluar nga tekniku Beqiri, t\u00eb cil\u00ebt do t\u00eb v\u00ebzhgohen me kujdes n\u00eb k\u00ebto dy ndeshjet p\u00ebr t\u00eb evidentuar element\u00ebt m\u00eb cil\u00ebsor\u00eb t\u00eb dat\u00eblindjes 2003 q\u00eb p\u00ebrb\u00ebjn\u00eb dhe baz\u00ebn e k\u00ebtij grupi. Ndeshja e par\u00eb do t\u00eb zhvillohet n\u00eb vendin ton\u00eb, pik\u00ebrisht n\u00eb Kor\u00e7\u00eb me dat\u00eb 5 qershor n\u00eb stadiumin \u201cSk\u00ebnd\u00ebrbeu\u201d dhe m\u00eb pas n\u00eb dat\u00eb 7 qershor n\u00eb Oh\u00ebr. Grumbullimi i p\u00ebrfaq\u00ebsueses kuqezi ka filluar prej dit\u00ebs s\u00eb djeshme n\u00eb Kor\u00e7\u00eb.<\/p>\n<p>Shqip\u00ebri vs Maqedonia e Veriut dat\u00eb 5 Qershor ora 17:00 n\u00eb Stadiumin \u201c Sk\u00ebnderbeu\u201d Kor\u00e7\u00eb<br \/>\nMaqedonia e Veriut vs Shqip\u00ebri dat\u00eb 7 Qershor ora 17:00 n\u00eb Stadiumin \u201c Oh\u00ebr\u201d Maqedoni<\/p>\n<p><strong>Njihuni me list\u00ebn e futbollist\u00ebve t\u00eb grumbulluar:<\/strong><\/p>\n<p><a href=\"https:\/\/zjarr.tv\/wp-content\/uploads\/2019\/06\/lista-e-u17-per-mv-1.png\"><img loading=\"lazy\" decoding=\"async\" class=\"alignnone size-medium wp-image-87587\" src=\"https:\/\/zjarr.tv\/wp-content\/uploads\/2019\/06\/lista-e-u17-per-mv-1-300x270.png\" alt=\"\" width=\"300\" height=\"270\" srcset=\"https:\/\/zjarr.tv\/wp-content\/uploads\/2019\/06\/lista-e-u17-per-mv-1-300x270.png 300w, https:\/\/zjarr.tv\/wp-content\/uploads\/2019\/06\/lista-e-u17-per-mv-1-466x420.png 466w, https:\/\/zjarr.tv\/wp-content\/uploads\/2019\/06\/lista-e-u17-per-mv-1.png 634w\" sizes=\"auto, (max-width: 300px) 100vw, 300px\" \/><\/a><\/p>\n","protected":false},"excerpt":{"rendered":"<p>Shqip\u00ebria U-17 e drejtuar nga trajneri Elvin Beqiri do t\u00eb zhvilloj\u00eb dy ndeshje miq\u00ebsore ndaj fqinj\u00ebve t\u00eb Maqedonis\u00eb s\u00eb Veriut n\u00eb datat 5 dhe 7 qershor. Pjes\u00eb e k\u00ebtij grumbullimi do t\u00eb jen\u00eb plot 23 futbollist\u00eb t\u00eb grumbulluar nga tekniku Beqiri, t\u00eb cil\u00ebt do t\u00eb v\u00ebzhgohen me kujdes n\u00eb k\u00ebto dy ndeshjet p\u00ebr t\u00eb evidentuar [&hellip;]<\/p>\n","protected":false},"author":2013,"featured_media":87586,"comment_status":"open","ping_status":"closed","sticky":false,"template":"","format":"standard","meta":{"footnotes":""},"categories":[241,192],"tags":[],"class_list":{"0":"post-87585","1":"post","2":"type-post","3":"status-publish","4":"format-standard","5":"has-post-thumbnail","7":"category-aktualitet","8":"category-sport"},"_links":{"self":[{"href":"https:\/\/zjarr.tv\/sq\/wp-json\/wp\/v2\/posts\/87585","targetHints":{"allow":["GET"]}}],"collection":[{"href":"https:\/\/zjarr.tv\/sq\/wp-json\/wp\/v2\/posts"}],"about":[{"href":"https:\/\/zjarr.tv\/sq\/wp-json\/wp\/v2\/types\/post"}],"author":[{"embeddable":true,"href":"https:\/\/zjarr.tv\/sq\/wp-json\/wp\/v2\/users\/2013"}],"replies":[{"embeddable":true,"href":"https:\/\/zjarr.tv\/sq\/wp-json\/wp\/v2\/comments?post=87585"}],"version-history":[{"count":0,"href":"https:\/\/zjarr.tv\/sq\/wp-json\/wp\/v2\/posts\/87585\/revisions"}],"wp:featuredmedia":[{"embeddable":true,"href":"https:\/\/zjarr.tv\/sq\/wp-json\/wp\/v2\/media\/87586"}],"wp:attachment":[{"href":"https:\/\/zjarr.tv\/sq\/wp-json\/wp\/v2\/media?parent=87585"}],"wp:term":[{"taxonomy":"category","embeddable":true,"href":"https:\/\/zjarr.tv\/sq\/wp-json\/wp\/v2\/categories?post=87585"},{"taxonomy":"post_tag","embeddable":true,"href":"https:\/\/zjarr.tv\/sq\/wp-json\/wp\/v2\/tags?post=87585"}],"curies":[{"name":"wp","href":"https:\/\/api.w.org\/{rel}","templated":true}]}}