{"id":87589,"date":"2019-06-03T16:20:45","date_gmt":"2019-06-03T14:20:45","guid":{"rendered":"https:\/\/zjarr.tv\/?p=87589"},"modified":"2019-06-03T16:20:45","modified_gmt":"2019-06-03T14:20:45","slug":"kombetarja-e-panuccit-shulku-ishte-i-duhuri-rezultatet-e-penalizuan","status":"publish","type":"post","link":"https:\/\/zjarr.tv\/sq\/kombetarja-e-panuccit-shulku-ishte-i-duhuri-rezultatet-e-penalizuan\/","title":{"rendered":"Komb\u00ebtarja e Panuccit, Shulku: Ishte i duhuri, rezultatet e penalizuan"},"content":{"rendered":"<p>Sekretari i FSHF-s\u00eb, Ilir Shulku komentoi edhe gjendjen e komb\u00ebtares shqiptare gjat\u00eb periudh\u00ebs kur kuqezinjt\u00eb drejtoheshin nga Christian Panucci. I ftuar n\u00eb &#8220;Fair Play nga Enkeleida Zeko&#8221;, Shulku deklaroi<\/p>\n<p><em>&#8220;N\u00eb momentin q\u00eb Panucci \u00ebsht\u00eb zgjedhur mendoj se ka q\u00ebn\u00eb nj\u00eb zgjedhje shum\u00eb e mir\u00eb, p\u00ebr emrin, p\u00ebr at\u00eb q\u00eb kishte kaluar, m\u00ebsuar. Padiskutim q\u00eb ka q\u00ebn\u00eb nj\u00eb zgjedhje e mir\u00eb. Ka q\u00ebn\u00eb nj\u00eb zgjedhje e mir\u00eb p\u00ebr at\u00eb moment kur u zgjodh. Nga alternativat kur u zgjodh ka q\u00ebn\u00eb m\u00eb i miri. Ka pasur edhe disa trajner\u00eb t\u00eb tjer\u00eb.&#8221;<\/em><\/p>\n<p><em>&#8220;Nuk kishte p\u00ebrvoj\u00eb por nj\u00eb futbollist me shum\u00eb eksperienc\u00eb. Nj\u00eb lojtar q\u00eb ka q\u00ebn\u00eb edhe trajner. Ka q\u00ebn\u00eb nj\u00eb z\u00ebvend\u00ebs i nj\u00eb emri t\u00eb madh si\u00e7 \u00ebsht\u00eb Capello. K\u00ebshtu q\u00eb ka pasur at\u00eb bagazhin e duhur p\u00ebr t\u00eb q\u00ebn\u00eb trajner i Shqip\u00ebris\u00eb. Vazhdimi tregoi se nuk \u00ebsht\u00eb e th\u00ebn\u00eb se \u00e7do trajner n\u00eb \u00e7do vend q\u00eb shkon duhet q\u00eb t\u00eb realizoj\u00eb pritshm\u00ebrit\u00eb. P\u00ebr fatin e tij t\u00eb keq, p\u00ebr shum\u00eb arsyeje t\u00eb tjera nuk dha at\u00eb q\u00eb pritej dhe normalisht kur nuk ka rezultate marr\u00ebdh\u00ebnia nd\u00ebrpritet dhe k\u00ebrkohet nj\u00eb zgjidhje tjet\u00ebr. Panucci n\u00eb fillim u prit mir\u00eb.&#8221;<\/em><\/p>\n<p>&#8220;<em>Ndoshta edhe karakteri i tij personal, por mendoj se n\u00eb kompleks ka q\u00ebn\u00eb nj\u00eb njeri pozitiv. Un\u00eb e kam njohur nga af\u00ebr, por ndoshta n\u00eb opionion nuk ka shprehur at\u00eb \u00e7ka kishte brenda dhe ndonj\u00ebher\u00eb aparenca e jashtme t\u00eb l\u00eb shije jo t\u00eb mira dhe padiskutim t\u00eb nd\u00ebrthyrura me rezultatin. Rezultatet nuk kan\u00eb q\u00ebn\u00eb pozitive. Vinim nga nj\u00eb pritshm\u00ebri shum\u00eb e mir\u00eb, vinim nga rezultate shum\u00eb t\u00eb mira, vinin nga Europiani. Ndoshta ngaq\u00eb pritshnim shum\u00eb dhe ky nuk i dha ato pritshm\u00ebri. Rezultatet nuk ishin ato q\u00eb priteshin edhe padiskutim kur nuk ka rezultate \u00ebsht\u00eb i pari, trajner q\u00eb largohet.<\/em>\u00a0&#8220;-tha Shulku.<\/p>\n","protected":false},"excerpt":{"rendered":"<p>Sekretari i FSHF-s\u00eb, Ilir Shulku komentoi edhe gjendjen e komb\u00ebtares shqiptare gjat\u00eb periudh\u00ebs kur kuqezinjt\u00eb drejtoheshin nga Christian Panucci. I ftuar n\u00eb &#8220;Fair Play nga Enkeleida Zeko&#8221;, Shulku deklaroi &#8220;N\u00eb momentin q\u00eb Panucci \u00ebsht\u00eb zgjedhur mendoj se ka q\u00ebn\u00eb nj\u00eb zgjedhje shum\u00eb e mir\u00eb, p\u00ebr emrin, p\u00ebr at\u00eb q\u00eb kishte kaluar, m\u00ebsuar. Padiskutim q\u00eb ka [&hellip;]<\/p>\n","protected":false},"author":2013,"featured_media":72179,"comment_status":"open","ping_status":"closed","sticky":false,"template":"","format":"standard","meta":{"footnotes":""},"categories":[241,192],"tags":[],"class_list":{"0":"post-87589","1":"post","2":"type-post","3":"status-publish","4":"format-standard","5":"has-post-thumbnail","7":"category-aktualitet","8":"category-sport"},"_links":{"self":[{"href":"https:\/\/zjarr.tv\/sq\/wp-json\/wp\/v2\/posts\/87589","targetHints":{"allow":["GET"]}}],"collection":[{"href":"https:\/\/zjarr.tv\/sq\/wp-json\/wp\/v2\/posts"}],"about":[{"href":"https:\/\/zjarr.tv\/sq\/wp-json\/wp\/v2\/types\/post"}],"author":[{"embeddable":true,"href":"https:\/\/zjarr.tv\/sq\/wp-json\/wp\/v2\/users\/2013"}],"replies":[{"embeddable":true,"href":"https:\/\/zjarr.tv\/sq\/wp-json\/wp\/v2\/comments?post=87589"}],"version-history":[{"count":0,"href":"https:\/\/zjarr.tv\/sq\/wp-json\/wp\/v2\/posts\/87589\/revisions"}],"wp:featuredmedia":[{"embeddable":true,"href":"https:\/\/zjarr.tv\/sq\/wp-json\/wp\/v2\/media\/72179"}],"wp:attachment":[{"href":"https:\/\/zjarr.tv\/sq\/wp-json\/wp\/v2\/media?parent=87589"}],"wp:term":[{"taxonomy":"category","embeddable":true,"href":"https:\/\/zjarr.tv\/sq\/wp-json\/wp\/v2\/categories?post=87589"},{"taxonomy":"post_tag","embeddable":true,"href":"https:\/\/zjarr.tv\/sq\/wp-json\/wp\/v2\/tags?post=87589"}],"curies":[{"name":"wp","href":"https:\/\/api.w.org\/{rel}","templated":true}]}}