{"id":87591,"date":"2019-06-03T16:21:54","date_gmt":"2019-06-03T14:21:54","guid":{"rendered":"https:\/\/zjarr.tv\/?p=87591"},"modified":"2019-06-03T16:21:54","modified_gmt":"2019-06-03T14:21:54","slug":"aksidente-nga-shiu-nje-viktime-ne-kurbin-aksident-zinxhir-ne-autostrade","status":"publish","type":"post","link":"https:\/\/zjarr.tv\/sq\/aksidente-nga-shiu-nje-viktime-ne-kurbin-aksident-zinxhir-ne-autostrade\/","title":{"rendered":"Aksidente nga shiu, nj\u00eb viktim\u00eb n\u00eb Kurbin, aksident zinxhir n\u00eb autostrad\u00eb"},"content":{"rendered":"<p><em>Nj\u00eb i ri humbi jet\u00ebn n\u00eb Gjorm t\u00eb Kurbinit, nd\u00ebrsa 6 makina u p\u00ebrplas\u00ebn n\u00eb autostrad\u00ebn Tiran\u00eb-Durr\u00ebs p\u00ebr arsye q\u00eb lidhen me motin e keq dhe shkeljen e rregullave t\u00eb qarkullimit. Nd\u00ebrkoh\u00eb polumbar\u00ebt e RENEA-s po k\u00ebrkojn\u00eb p\u00ebr trupin e nj\u00eb 77-vje\u00e7areje q\u00eb dyshohet se \u00ebsht\u00eb mbytur n\u00eb lumin Shkumbin pran\u00eb Divjak\u00ebs.<\/em><\/p>\n<p>Nj\u00eb 20-vje\u00e7ar humbi jet\u00ebn si pasoj\u00eb e nj\u00eb aksidenti rrugor n\u00eb fshatin Gjorm t\u00eb Kurbinit.<\/p>\n<p>Ngjarja ka ndodhur n\u00eb or\u00ebt e paradites, nd\u00ebrsa disa or\u00eb m\u00eb pas viktima u identifikua si Ndue Ndoca, 20 vje\u00e7 nga Lezha.<\/p>\n<p>Policia dyshon se ai humbi kontrollin e makin\u00ebs duke dal\u00eb nga rruga.<\/p>\n<p>P\u00ebr pasoj\u00eb ka gjetur vdekjen.<\/p>\n<p>Policia ende nuk e ka th\u00ebn\u00eb fjal\u00ebn e fundit, por dyshohet se shkak \u00ebsht\u00eb lag\u00ebshtira n\u00eb rrug\u00eb.<\/p>\n<p>Lag\u00ebshtia n\u00eb rrug\u00eb dhe shkelja e rregullave t\u00eb qarkullimit, nd\u00ebrkoh\u00eb u b\u00eb shkak p\u00ebr nj\u00eb aksident zinxhir n\u00eb autostrad\u00eb.<\/p>\n<p>Gjasht\u00eb makina u p\u00ebrplas\u00ebn pran\u00eb Maminasit.<\/p>\n<p>Sipas policis\u00eb nuk pati t\u00eb l\u00ebnduar, por d\u00ebmet materiale ishin t\u00eb konsiderueshme.<\/p>\n<p>Nd\u00ebrkoh\u00eb nj\u00eb 77 vje\u00e7are rezulton e zhdukur prej dy dit\u00ebsh n\u00eb Divjak\u00eb.<\/p>\n<p>Kimete Tirollari ka dyshime se \u00ebsht\u00eb vet\u00ebhedhur n\u00eb uj\u00ebrat e rr\u00ebmbyer t\u00eb Shkumbinit pas reshjeve t\u00eb shiut, por nuk p\u00ebrjashjashtohet as mund\u00ebsia e nj\u00eb ngjarje aksidentale.<\/p>\n<p>Polumbar\u00ebt e Forcave RENEA kan\u00eb nisur k\u00ebrkimet po deri tani nuk asnj\u00eb gjurm\u00eb nga gruaja n\u00eb Shkumbin.<\/p>\n<p>&nbsp;<\/p>\n","protected":false},"excerpt":{"rendered":"<p>Nj\u00eb i ri humbi jet\u00ebn n\u00eb Gjorm t\u00eb Kurbinit, nd\u00ebrsa 6 makina u p\u00ebrplas\u00ebn n\u00eb autostrad\u00ebn Tiran\u00eb-Durr\u00ebs p\u00ebr arsye q\u00eb lidhen me motin e keq dhe shkeljen e rregullave t\u00eb qarkullimit. Nd\u00ebrkoh\u00eb polumbar\u00ebt e RENEA-s po k\u00ebrkojn\u00eb p\u00ebr trupin e nj\u00eb 77-vje\u00e7areje q\u00eb dyshohet se \u00ebsht\u00eb mbytur n\u00eb lumin Shkumbin pran\u00eb Divjak\u00ebs. Nj\u00eb 20-vje\u00e7ar humbi [&hellip;]<\/p>\n","protected":false},"author":2013,"featured_media":87592,"comment_status":"open","ping_status":"closed","sticky":false,"template":"","format":"standard","meta":{"footnotes":""},"categories":[241,235],"tags":[],"class_list":{"0":"post-87591","1":"post","2":"type-post","3":"status-publish","4":"format-standard","5":"has-post-thumbnail","7":"category-aktualitet","8":"category-vendi"},"_links":{"self":[{"href":"https:\/\/zjarr.tv\/sq\/wp-json\/wp\/v2\/posts\/87591","targetHints":{"allow":["GET"]}}],"collection":[{"href":"https:\/\/zjarr.tv\/sq\/wp-json\/wp\/v2\/posts"}],"about":[{"href":"https:\/\/zjarr.tv\/sq\/wp-json\/wp\/v2\/types\/post"}],"author":[{"embeddable":true,"href":"https:\/\/zjarr.tv\/sq\/wp-json\/wp\/v2\/users\/2013"}],"replies":[{"embeddable":true,"href":"https:\/\/zjarr.tv\/sq\/wp-json\/wp\/v2\/comments?post=87591"}],"version-history":[{"count":0,"href":"https:\/\/zjarr.tv\/sq\/wp-json\/wp\/v2\/posts\/87591\/revisions"}],"wp:featuredmedia":[{"embeddable":true,"href":"https:\/\/zjarr.tv\/sq\/wp-json\/wp\/v2\/media\/87592"}],"wp:attachment":[{"href":"https:\/\/zjarr.tv\/sq\/wp-json\/wp\/v2\/media?parent=87591"}],"wp:term":[{"taxonomy":"category","embeddable":true,"href":"https:\/\/zjarr.tv\/sq\/wp-json\/wp\/v2\/categories?post=87591"},{"taxonomy":"post_tag","embeddable":true,"href":"https:\/\/zjarr.tv\/sq\/wp-json\/wp\/v2\/tags?post=87591"}],"curies":[{"name":"wp","href":"https:\/\/api.w.org\/{rel}","templated":true}]}}