{"id":87614,"date":"2019-06-03T17:27:38","date_gmt":"2019-06-03T15:27:38","guid":{"rendered":"https:\/\/zjarr.tv\/?p=87614"},"modified":"2019-06-03T17:27:38","modified_gmt":"2019-06-03T15:27:38","slug":"rama-demokracia-nuk-shkaterrohet-nga-disa-parti-te-falimentuara-nga-mendja","status":"publish","type":"post","link":"https:\/\/zjarr.tv\/sq\/rama-demokracia-nuk-shkaterrohet-nga-disa-parti-te-falimentuara-nga-mendja\/","title":{"rendered":"Rama: Demokracia nuk shkat\u00ebrrohet nga disa parti t\u00eb falimentuara nga mendja"},"content":{"rendered":"<p>Nga Kurbini ku ka prezantuar kandidaten p\u00ebr kryetare Bashkie, Majlinda Cara, kryeministri Edi Rama ka ftuar qytetar\u00ebt q\u00eb t\u2019a votojn\u00eb kandidaten e PS-s\u00eb, nd\u00ebrsa mes batutash tha se \u00ebsht\u00eb hera e par\u00eb n\u00eb 30 vjet q\u00eb kurbainasve u q\u00ebllon t\u00eb votojn\u00eb nj\u00eb grua.<br \/>\nEdi Rama: Kush do t\u00eb votoj\u00eb p\u00ebr Majlind\u00ebn le t\u00eb votoj\u00eb, kush nuk do t\u00eb votoj\u00eb s&#8217;ka problem. Por kush do guxoj\u00eb t\u00eb shkoj\u00eb dhe t&#8217;i bjeri murit me kok\u00eb, kush \u00ebsht\u00eb m\u00eb i fort\u00eb muri apo koka? Le ta themi deri n\u00eb fund n\u00eb k\u00ebt\u00eb zon\u00eb q\u00eb shyqyr q\u00eb ju erdhi mund\u00ebsia t\u00eb votoni p\u00ebr nj\u00eb gua, se keni votuar p\u00ebr burra 30 vjet. Po mir\u00eb di\u00e7ka kan\u00eb b\u00ebr\u00eb edhe burrat. Por meq\u00eb \u00ebsht\u00eb mund\u00ebsia p\u00ebr t\u00eb votuar p\u00ebr nj\u00eb gra at\u00ebhere kujtohuni se \u00e7far\u00eb thoshte Margaret The\u00e7er, n\u00ebse do t\u00eb b\u00ebsh muhabet gjej nj\u00eb burr\u00eb, n\u00ebse do t\u00eb b\u00ebsh pun\u00eb b\u00ebje m\u00eb nj\u00eb grua. Kur i thhua burrave duhet b\u00ebr\u00eb kjo pun\u00eb, thon\u00eb patjey\u00ebr shef dhe kur vjen dita t\u00eb t\u00eb jap\u00eb llogari thon\u00eb jo nuk e b\u00ebra se un\u00eb mendoj, mbaroj puna. Kur i thua nj\u00eb gruaje duhet b\u00ebr\u00eb kjo pun\u00eb, n\u00ebse nuk \u00ebsht\u00eb dakord t\u00eb kund\u00ebrshton aty. Sa m\u00eb ka kund\u00ebrshtuar mua Lindita Nikolla nuk \u00ebm kan\u00eb kund\u00ebrshtuar 5 burra t\u00eb marr\u00eb s\u00ebbashku. Kund\u00ebrshtohet n\u00eb fillim dhe kur vendoset p\u00ebr t&#8217;u b\u00ebr\u00eb puna, b\u00ebhet puna.<br \/>\nKur shoh kaq shum\u00eb gra dhe vajza n\u00eb k\u00ebt\u00eb takim them se ky \u00ebsht\u00eb efekti i par\u00eb i k\u00ebsaj kandidature. Dhe burrave si burre i them, burrin e fort\u00eb ne shqiptar\u00ebt e b\u00ebjm\u00eb kur dalim nga shpia, por e dini shum\u00eb mir\u00eb kush \u00ebsht\u00eb kryeministri kur shkoni n\u00eb sht\u00ebpi. E dini kush \u00ebsht\u00eb kryetari kur shkoni n\u00eb sht\u00ebpi.<br \/>\nM\u00eb tej Rama u shpreh se asnj\u00eb vend n\u00eb Europ\u00eb nuk e ka par\u00eb k\u00ebt\u00eb q\u00eb po sheh Shqip\u00ebria sot, p\u00ebr shkak t\u00eb opozit\u00ebs s\u00eb bashkuar, nd\u00ebrsa shton se p\u00ebrfaq\u00ebsuesit e saj e kan\u00eb b\u00ebr\u00eb bloz\u00eb vendin n\u00eb gjuh\u00eb t\u00eb huaj.<br \/>\nEdi Rama: Asnj\u00eb vend nuk e ka par\u00eb k\u00ebt\u00eb q\u00eb po shohin shqiptar\u00ebt sot. N\u00eb asnj\u00eb vend n\u00eb Europ\u00eb nuk ka ndodh q\u00eb nj\u00eb opozit\u00eb t\u00eb k\u00ebrc\u00ebnoj\u00eb popullin e vet se do k\u00ebrc\u00ebnoj\u00eb popullin e vet se nuk do votoj. Ka pas edhe n\u00eb rajon opozita q\u00eb kan\u00eb bojkotuar zgjedhjet, por nuk ka pasur kurr\u00eb q\u00eb t\u00eb k\u00ebrc\u00ebnoj\u00eb popullin e vet. Ata kan\u00eb kaq koh\u00eb q\u00eb e b\u00ebn\u00eb Shqip\u00ebrin\u00eb bloz n\u00eb gjuh\u00eb t\u00eb huaj.<br \/>\nJu them gjith\u00eb t\u00eb tjer\u00ebve, atyre q\u00eb protestojn\u00eb, q\u00eb nuk duan qeverin\u00eb, atyre q\u00eb duan q\u00eb un\u00eb t\u00eb iki, q\u00eb mendoni si shqiptar\u00eb, si demokrat\u00eb n\u00eb zem\u00ebr dhe mendje, mos mendoni si huligan\u00eb. Sepse k\u00ebt\u00eb njoll\u00eb historike Shqip\u00ebria nuk mund ta marri n\u00eb fytyr\u00eb nga bijt\u00eb e vet, kurr\u00eb. Ata nuk kan\u00eb p\u00ebr t&#8217;ja dal\u00eb.<br \/>\nN\u00eb p\u00ebrfundim t\u00eb fjal\u00ebs s\u00eb tij, kryeminsitri theksoi se demokracia nuk shkat\u00ebrrohet pse disa parti t\u00eb falimentuara nga mendja, nuk marrin pjes\u00eb n\u00eb nj\u00eb pal\u00eb zgjedhje vendore, p\u00ebrkundrazi ky do t\u00eb jet\u00eb momenti i nj\u00eb ndarje t\u00eb qart\u00eb mes \u00e7far\u00eb mund t\u00eb b\u00ebsh dhe \u00e7far\u00eb nuk mund t\u00eb b\u00ebsh.<br \/>\nEdi Rama: Mos kini merak, dhe as mos ket\u00eb njeri merak p\u00ebr demokracin\u00eb. Demokracia nuk shkat\u00ebrrohet pse disa parti t\u00eb falimentuara nga mendja, nuk marrin pjes\u00eb n\u00eb nj\u00eb pal\u00eb zgjedhje vendore, p\u00ebrkundrazi ky do t\u00eb jet\u00eb momenti i nj\u00eb ndarje t\u00eb qart\u00eb mes \u00e7far\u00eb mund t\u00eb b\u00ebsh dhe \u00e7far\u00eb nuk mund t\u00eb b\u00ebsh. Nuk jemi n\u00eb pyll, jemi n\u00eb nj\u00eb vend q\u00eb po e b\u00ebjm\u00eb dhe do ta b\u00ebjm\u00eb shtet dhe aty ku ka shtet nuk ka karagjozll\u00ebqe, nuk ka cirk me ligjet e shtetit. Nga ana tjet\u00ebr kur ta marrin m\u00ebsimin tamam, t\u00eb par\u00ebt q\u00eb do \u00e7lirohen t\u00eb jen\u00eb demokrat\u00ebt, se demokrat\u00ebt nuk shterojn\u00eb n\u00eb dat\u00eb 1 korrik.<\/p>\n","protected":false},"excerpt":{"rendered":"<p>Nga Kurbini ku ka prezantuar kandidaten p\u00ebr kryetare Bashkie, Majlinda Cara, kryeministri Edi Rama ka ftuar qytetar\u00ebt q\u00eb t\u2019a votojn\u00eb kandidaten e PS-s\u00eb, nd\u00ebrsa mes batutash tha se \u00ebsht\u00eb hera e par\u00eb n\u00eb 30 vjet q\u00eb kurbainasve u q\u00ebllon t\u00eb votojn\u00eb nj\u00eb grua. Edi Rama: Kush do t\u00eb votoj\u00eb p\u00ebr Majlind\u00ebn le t\u00eb votoj\u00eb, kush [&hellip;]<\/p>\n","protected":false},"author":2013,"featured_media":87615,"comment_status":"open","ping_status":"closed","sticky":false,"template":"","format":"standard","meta":{"footnotes":""},"categories":[241,235],"tags":[],"class_list":{"0":"post-87614","1":"post","2":"type-post","3":"status-publish","4":"format-standard","5":"has-post-thumbnail","7":"category-aktualitet","8":"category-vendi"},"_links":{"self":[{"href":"https:\/\/zjarr.tv\/sq\/wp-json\/wp\/v2\/posts\/87614","targetHints":{"allow":["GET"]}}],"collection":[{"href":"https:\/\/zjarr.tv\/sq\/wp-json\/wp\/v2\/posts"}],"about":[{"href":"https:\/\/zjarr.tv\/sq\/wp-json\/wp\/v2\/types\/post"}],"author":[{"embeddable":true,"href":"https:\/\/zjarr.tv\/sq\/wp-json\/wp\/v2\/users\/2013"}],"replies":[{"embeddable":true,"href":"https:\/\/zjarr.tv\/sq\/wp-json\/wp\/v2\/comments?post=87614"}],"version-history":[{"count":0,"href":"https:\/\/zjarr.tv\/sq\/wp-json\/wp\/v2\/posts\/87614\/revisions"}],"wp:featuredmedia":[{"embeddable":true,"href":"https:\/\/zjarr.tv\/sq\/wp-json\/wp\/v2\/media\/87615"}],"wp:attachment":[{"href":"https:\/\/zjarr.tv\/sq\/wp-json\/wp\/v2\/media?parent=87614"}],"wp:term":[{"taxonomy":"category","embeddable":true,"href":"https:\/\/zjarr.tv\/sq\/wp-json\/wp\/v2\/categories?post=87614"},{"taxonomy":"post_tag","embeddable":true,"href":"https:\/\/zjarr.tv\/sq\/wp-json\/wp\/v2\/tags?post=87614"}],"curies":[{"name":"wp","href":"https:\/\/api.w.org\/{rel}","templated":true}]}}