{"id":87630,"date":"2019-06-03T17:45:06","date_gmt":"2019-06-03T15:45:06","guid":{"rendered":"https:\/\/zjarr.tv\/?p=87630"},"modified":"2019-06-03T17:45:06","modified_gmt":"2019-06-03T15:45:06","slug":"ish-trajneri-i-romes-tek-partizani","status":"publish","type":"post","link":"https:\/\/zjarr.tv\/sq\/ish-trajneri-i-romes-tek-partizani\/","title":{"rendered":"Ish-trajneri i Rom\u00ebs tek PARTIZANI"},"content":{"rendered":"<p>Largimi i Sk\u00ebnder Geg\u00ebs nga drejtimi i Partizanit ishte shum\u00eb i papritur dhe si duket i ka l\u00ebn\u00eb t\u00eb pap\u00ebrgatitur drejtuesit e klubit t\u00eb kuq.<\/p>\n<p>Megjithat\u00eb, tek kampion\u00ebt e Shqip\u00ebris\u00eb kan\u00eb nisur menj\u00ebher\u00eb l\u00ebvizjet dhe drejtori Olsi Rama ndodhet n\u00eb Itali, pik\u00ebrisht p\u00ebr t\u00eb sjell\u00eb nj\u00eb em\u00ebr me pesh\u00eb tek Partizani.<\/p>\n<p>Sikurse raporton RTSH Sport, tek Partizani mund t\u00eb vij\u00eb ish-trajneri i Rom\u00ebs dhe Lazios, \u00e7eku 72 vje\u00e7ar, Zdenek Zeman. Mbetet p\u00ebr t\u2019u par\u00eb n\u00eb vijim n\u00ebse n\u00eb lidhje me k\u00ebt\u00eb \u00e7\u00ebshtje do t\u00eb kemi di\u00e7ka konkrete.<\/p>\n<p>&nbsp;<\/p>\n","protected":false},"excerpt":{"rendered":"<p>Largimi i Sk\u00ebnder Geg\u00ebs nga drejtimi i Partizanit ishte shum\u00eb i papritur dhe si duket i ka l\u00ebn\u00eb t\u00eb pap\u00ebrgatitur drejtuesit e klubit t\u00eb kuq. Megjithat\u00eb, tek kampion\u00ebt e Shqip\u00ebris\u00eb kan\u00eb nisur menj\u00ebher\u00eb l\u00ebvizjet dhe drejtori Olsi Rama ndodhet n\u00eb Itali, pik\u00ebrisht p\u00ebr t\u00eb sjell\u00eb nj\u00eb em\u00ebr me pesh\u00eb tek Partizani. Sikurse raporton RTSH Sport, [&hellip;]<\/p>\n","protected":false},"author":2013,"featured_media":87631,"comment_status":"open","ping_status":"closed","sticky":false,"template":"","format":"standard","meta":{"footnotes":""},"categories":[241,235],"tags":[],"class_list":{"0":"post-87630","1":"post","2":"type-post","3":"status-publish","4":"format-standard","5":"has-post-thumbnail","7":"category-aktualitet","8":"category-vendi"},"_links":{"self":[{"href":"https:\/\/zjarr.tv\/sq\/wp-json\/wp\/v2\/posts\/87630","targetHints":{"allow":["GET"]}}],"collection":[{"href":"https:\/\/zjarr.tv\/sq\/wp-json\/wp\/v2\/posts"}],"about":[{"href":"https:\/\/zjarr.tv\/sq\/wp-json\/wp\/v2\/types\/post"}],"author":[{"embeddable":true,"href":"https:\/\/zjarr.tv\/sq\/wp-json\/wp\/v2\/users\/2013"}],"replies":[{"embeddable":true,"href":"https:\/\/zjarr.tv\/sq\/wp-json\/wp\/v2\/comments?post=87630"}],"version-history":[{"count":0,"href":"https:\/\/zjarr.tv\/sq\/wp-json\/wp\/v2\/posts\/87630\/revisions"}],"wp:featuredmedia":[{"embeddable":true,"href":"https:\/\/zjarr.tv\/sq\/wp-json\/wp\/v2\/media\/87631"}],"wp:attachment":[{"href":"https:\/\/zjarr.tv\/sq\/wp-json\/wp\/v2\/media?parent=87630"}],"wp:term":[{"taxonomy":"category","embeddable":true,"href":"https:\/\/zjarr.tv\/sq\/wp-json\/wp\/v2\/categories?post=87630"},{"taxonomy":"post_tag","embeddable":true,"href":"https:\/\/zjarr.tv\/sq\/wp-json\/wp\/v2\/tags?post=87630"}],"curies":[{"name":"wp","href":"https:\/\/api.w.org\/{rel}","templated":true}]}}