{"id":87642,"date":"2019-06-03T17:52:50","date_gmt":"2019-06-03T15:52:50","guid":{"rendered":"https:\/\/zjarr.tv\/?p=87642"},"modified":"2019-06-03T17:52:50","modified_gmt":"2019-06-03T15:52:50","slug":"i-kualifikoi-ne-kupat-e-europes-teuta-vendos-te-ardhmen-e-shkembit","status":"publish","type":"post","link":"https:\/\/zjarr.tv\/sq\/i-kualifikoi-ne-kupat-e-europes-teuta-vendos-te-ardhmen-e-shkembit\/","title":{"rendered":"I kualifikoi n\u00eb Kupat e Europ\u00ebs, Teuta vendos t\u00eb ardhmen e Shk\u00ebmbit"},"content":{"rendered":"<p>Bledi Shk\u00ebmbi do t\u00eb jet\u00eb pjes\u00eb e Teut\u00ebs edhe n\u00eb sezonin e ardhsh\u00ebm. Konfirmimi ka ardhur nga vet\u00eb klubi bregdetar, i cili ka vler\u00ebsuar pun\u00ebn e ish-mesfushorit dhe stafit t\u00eb tij.<\/p>\n<p><strong>Njoftim!<\/strong><\/p>\n<p><em>&#8220;Klubi i Futbollit Teuta njofton se do t\u00eb vazhdoj\u00eb bashk\u00ebpunimit me trajnerin Bledi Shk\u00ebmbi dhe stafin e tij\u00eb. Drejtuesit e Klubit dhe Bledi Shk\u00ebmbi kan\u00eb arritur me mir\u00ebkuptim marrveshjen e bashk\u00ebpunimit dhe p\u00ebr nj\u00eb sezon\u00eb.&#8221;-<\/em>thuhet n\u00eb statusin n\u00eb &#8220;Facebook&#8221; t\u00eb Teut\u00ebs.<\/p>\n<p>Shk\u00ebmbi drejtoi Teut\u00ebs gjat\u00eb k\u00ebtij sezoni, duke zhvilluar nj\u00eb kampionat fantastik dhe duke i kualifikuar p\u00ebr n\u00eb fazat eliminatore t\u00eb Europa League.<\/p>\n<p>&nbsp;<\/p>\n","protected":false},"excerpt":{"rendered":"<p>Bledi Shk\u00ebmbi do t\u00eb jet\u00eb pjes\u00eb e Teut\u00ebs edhe n\u00eb sezonin e ardhsh\u00ebm. Konfirmimi ka ardhur nga vet\u00eb klubi bregdetar, i cili ka vler\u00ebsuar pun\u00ebn e ish-mesfushorit dhe stafit t\u00eb tij. Njoftim! &#8220;Klubi i Futbollit Teuta njofton se do t\u00eb vazhdoj\u00eb bashk\u00ebpunimit me trajnerin Bledi Shk\u00ebmbi dhe stafin e tij\u00eb. Drejtuesit e Klubit dhe Bledi [&hellip;]<\/p>\n","protected":false},"author":2013,"featured_media":87643,"comment_status":"open","ping_status":"closed","sticky":false,"template":"","format":"standard","meta":{"footnotes":""},"categories":[241,192],"tags":[],"class_list":{"0":"post-87642","1":"post","2":"type-post","3":"status-publish","4":"format-standard","5":"has-post-thumbnail","7":"category-aktualitet","8":"category-sport"},"_links":{"self":[{"href":"https:\/\/zjarr.tv\/sq\/wp-json\/wp\/v2\/posts\/87642","targetHints":{"allow":["GET"]}}],"collection":[{"href":"https:\/\/zjarr.tv\/sq\/wp-json\/wp\/v2\/posts"}],"about":[{"href":"https:\/\/zjarr.tv\/sq\/wp-json\/wp\/v2\/types\/post"}],"author":[{"embeddable":true,"href":"https:\/\/zjarr.tv\/sq\/wp-json\/wp\/v2\/users\/2013"}],"replies":[{"embeddable":true,"href":"https:\/\/zjarr.tv\/sq\/wp-json\/wp\/v2\/comments?post=87642"}],"version-history":[{"count":0,"href":"https:\/\/zjarr.tv\/sq\/wp-json\/wp\/v2\/posts\/87642\/revisions"}],"wp:featuredmedia":[{"embeddable":true,"href":"https:\/\/zjarr.tv\/sq\/wp-json\/wp\/v2\/media\/87643"}],"wp:attachment":[{"href":"https:\/\/zjarr.tv\/sq\/wp-json\/wp\/v2\/media?parent=87642"}],"wp:term":[{"taxonomy":"category","embeddable":true,"href":"https:\/\/zjarr.tv\/sq\/wp-json\/wp\/v2\/categories?post=87642"},{"taxonomy":"post_tag","embeddable":true,"href":"https:\/\/zjarr.tv\/sq\/wp-json\/wp\/v2\/tags?post=87642"}],"curies":[{"name":"wp","href":"https:\/\/api.w.org\/{rel}","templated":true}]}}