{"id":87649,"date":"2019-06-03T18:05:14","date_gmt":"2019-06-03T16:05:14","guid":{"rendered":"https:\/\/zjarr.tv\/?p=87649"},"modified":"2019-06-03T18:05:14","modified_gmt":"2019-06-03T16:05:14","slug":"demalia-rama-duhet-te-ishte-terhequr-barra-e-rende-do-tja-thyeje-karrocen-e-qeverise","status":"publish","type":"post","link":"https:\/\/zjarr.tv\/sq\/demalia-rama-duhet-te-ishte-terhequr-barra-e-rende-do-tja-thyeje-karrocen-e-qeverise\/","title":{"rendered":"Demalia: Rama duhet t\u00eb ishte t\u00ebrhequr, barra e r\u00ebnd\u00eb do t&#8217;ja thyej\u00eb karroc\u00ebn e qeveris\u00eb"},"content":{"rendered":"<p>Teksa kriza politike nuk po merr zgjidhje, analisti Ilir Demalia, thot\u00eb se kryeministri Edi Rama duhet t\u00eb ishte t\u00ebrhequr dhe koh\u00eb dhe t\u00eb mos mbante zgjedhjet lokale t\u00eb 30 qershorit.<\/p>\n<p>P\u00ebr RTV Ora, Demalia parashikon se barra e r\u00ebnd\u00eb q\u00eb po akumulohet do ti kthehet mbrapsht shpejt dhe do t&#8217;ja thyej\u00eb karroc\u00ebn e qeveris\u00eb.<\/p>\n<p><strong>Demalia:\u00a0<\/strong><em>N\u00eb nj\u00eb p\u00ebrplasje t\u00eb till\u00eb, n\u00eb nj\u00eb gjendje t\u00eb till\u00eb ku \u00ebsht\u00eb bllokuar gjith\u00e7ka, un\u00eb them q\u00eb Rama jo duhet t\u00eb t\u00ebrhiqet, duhet t\u00eb ishte t\u00ebrhequr. Nuk duhet ti b\u00ebnte k\u00ebto zgjedhje.N\u00eb t\u00eb ardhmen jo t\u00eb larg\u00ebt e gjith\u00eb kjo barr\u00eb do t&#8217;ja r\u00ebndoj\u00eb dhe thyej\u00eb karroc\u00ebn e qeveris\u00eb.Nuk e di si aplikohet, po t\u00eb isha n\u00eb vend t\u00eb Presidentit do t\u00eb largohesha, merri t\u00eb gjitha.<\/em><\/p>\n<p>Nd\u00ebrsa politika i ka syt\u00eb nga nd\u00ebrkomb\u00ebtar\u00ebt, posa\u00e7\u00ebrisht nga Gjermania, Demalia ka k\u00ebt\u00eb koment.<\/p>\n<p><em>Demalia:\u00a0Jemi ngopur me k\u00ebto vizitat. Gjermania meq\u00eb na dashka kaq shum\u00eb, e dini q\u00eb ka partner kryesor n\u00eb tregti dhe biznes Serbin\u00eb. Biliona dollar\u00eb i ka dh\u00ebn\u00eb Serbis\u00eb. Edhe Italia.<\/em><\/p>\n<p>Duke folur mbi mund\u00ebsin\u00eb e arritjes s\u00eb nj\u00eb marr\u00ebveshje, analisti thot\u00eb se ajo duhet t\u00eb jet\u00eb gjith\u00ebp\u00ebrfshir\u00ebse p\u00ebr t\u00eb konkluduar n\u00eb nj\u00eb kontrat\u00eb sociale.<\/p>\n<p><strong>Demalia:<\/strong><em>\u00a0N\u00ebse do t\u00eb b\u00ebhet nj\u00eb marr\u00ebveshje k\u00ebt\u00eb radh\u00eb duhet t\u00eb jet\u00eb gjith\u00ebp\u00ebrfshir\u00ebse. T\u00eb mblidhen p\u00ebrfaq\u00ebsit\u00eb e partive politike, shoq\u00ebris\u00eb civile, intelektual\u00ebt dhe t\u00eb b\u00ebjn\u00eb nj\u00eb kontrat\u00eb sociale.<\/em><\/p>\n<p>&nbsp;<\/p>\n","protected":false},"excerpt":{"rendered":"<p>Teksa kriza politike nuk po merr zgjidhje, analisti Ilir Demalia, thot\u00eb se kryeministri Edi Rama duhet t\u00eb ishte t\u00ebrhequr dhe koh\u00eb dhe t\u00eb mos mbante zgjedhjet lokale t\u00eb 30 qershorit. P\u00ebr RTV Ora, Demalia parashikon se barra e r\u00ebnd\u00eb q\u00eb po akumulohet do ti kthehet mbrapsht shpejt dhe do t&#8217;ja thyej\u00eb karroc\u00ebn e qeveris\u00eb. Demalia:\u00a0N\u00eb [&hellip;]<\/p>\n","protected":false},"author":2013,"featured_media":87650,"comment_status":"open","ping_status":"closed","sticky":false,"template":"","format":"standard","meta":{"footnotes":""},"categories":[241,235],"tags":[],"class_list":{"0":"post-87649","1":"post","2":"type-post","3":"status-publish","4":"format-standard","5":"has-post-thumbnail","7":"category-aktualitet","8":"category-vendi"},"_links":{"self":[{"href":"https:\/\/zjarr.tv\/sq\/wp-json\/wp\/v2\/posts\/87649","targetHints":{"allow":["GET"]}}],"collection":[{"href":"https:\/\/zjarr.tv\/sq\/wp-json\/wp\/v2\/posts"}],"about":[{"href":"https:\/\/zjarr.tv\/sq\/wp-json\/wp\/v2\/types\/post"}],"author":[{"embeddable":true,"href":"https:\/\/zjarr.tv\/sq\/wp-json\/wp\/v2\/users\/2013"}],"replies":[{"embeddable":true,"href":"https:\/\/zjarr.tv\/sq\/wp-json\/wp\/v2\/comments?post=87649"}],"version-history":[{"count":0,"href":"https:\/\/zjarr.tv\/sq\/wp-json\/wp\/v2\/posts\/87649\/revisions"}],"wp:featuredmedia":[{"embeddable":true,"href":"https:\/\/zjarr.tv\/sq\/wp-json\/wp\/v2\/media\/87650"}],"wp:attachment":[{"href":"https:\/\/zjarr.tv\/sq\/wp-json\/wp\/v2\/media?parent=87649"}],"wp:term":[{"taxonomy":"category","embeddable":true,"href":"https:\/\/zjarr.tv\/sq\/wp-json\/wp\/v2\/categories?post=87649"},{"taxonomy":"post_tag","embeddable":true,"href":"https:\/\/zjarr.tv\/sq\/wp-json\/wp\/v2\/tags?post=87649"}],"curies":[{"name":"wp","href":"https:\/\/api.w.org\/{rel}","templated":true}]}}