{"id":87987,"date":"2019-06-05T15:11:37","date_gmt":"2019-06-05T13:11:37","guid":{"rendered":"https:\/\/zjarr.tv\/?p=87987"},"modified":"2019-06-05T15:11:37","modified_gmt":"2019-06-05T13:11:37","slug":"kalores-i-urdhrit-te-skenderbeut-meta-nderon-moikom-zeqon","status":"publish","type":"post","link":"https:\/\/zjarr.tv\/sq\/kalores-i-urdhrit-te-skenderbeut-meta-nderon-moikom-zeqon\/","title":{"rendered":"\u201cKalor\u00ebs i Urdhrit t\u00eb Sk\u00ebnderbeut\u201d, Meta nderon Moikom Zeqon"},"content":{"rendered":"<p>Presidenti i Republik\u00ebs, Sh. T. Z. Ilir Meta \u00e7moi eruditin Moikom Zeqo me Titullin \u201cKalor\u00ebs i Urdhrit t\u00eb Sk\u00ebnderbeut\u201d \u201cN\u00eb vler\u00ebsim t\u00eb kontributit t\u00eb tij poliedrik n\u00eb dobi t\u00eb artit, kultur\u00ebs e historis\u00eb son\u00eb komb\u00ebtare. Me cil\u00ebsit\u00eb e shquara si studiues, talentin dhe aft\u00ebsit\u00eb krijuese i ka ofruar publikut shqiptar dhe t\u00eb huaj vepra t\u00eb spikatura n\u00eb fush\u00ebn e albanologjis\u00eb, muzeologjis\u00eb, etnokultur\u00ebs dhe arkeologjis\u00eb, si dhe botime letrare n\u00eb proz\u00eb dhe poezi, t\u00eb vler\u00ebsuara p\u00ebr origjinalitetin krijues.<\/p>\n<p>N\u00eb mir\u00ebnjohje t\u00eb publicistik\u00ebs s\u00eb tij t\u00eb mpreht\u00eb, studimeve shum\u00ebdimensionale p\u00ebr ndri\u00e7imin e gjenez\u00ebs s\u00eb kombit, mbrojtjen e monumenteve dhe identitetit ton\u00eb komb\u00ebtar me p\u00ebrkushtim, kuraj\u00eb intelektuale, qytetari dhe profesionaliz\u00ebm t\u00eb lart\u00eb\u201d.<\/p>\n<p>N\u00eb nj\u00eb ceremoni t\u00eb ve\u00e7ant\u00eb ku ishin t\u00eb pranish\u00ebm akademik\u00eb, shkenc\u00ebtar\u00eb, diplomat\u00eb, arkeolog\u00eb, studiues, shkrimtar\u00eb, kritik\u00eb, doktor\u00eb, botues dhe p\u00ebrfaq\u00ebsues t\u00eb mediave, Presidenti i Republik\u00ebs vler\u00ebsoi lart veprimtarin\u00eb e shquar dhe kontributet e shumta t\u00eb arkeologut, shkrimtarit, eseistit, historianit, filozofit dhe mendimtarit Moikom Zeqo n\u00eb dobi t\u00eb historis\u00eb, artit, kultur\u00ebs dhe historis\u00eb son\u00eb komb\u00ebtare.<\/p>\n<p>N\u00eb fjal\u00ebn e Tij Presidenti Meta u shpreh:<br \/>\n\u201cJam shum\u00eb i lumtur q\u00eb sot, i akordoj Titullin \u2018Kalor\u00ebs i Urdhrit t\u00eb Sk\u00ebnderbeut\u2019, nj\u00eb personaliteti dhe nj\u00eb njeriu t\u00eb ve\u00e7ant\u00eb; nj\u00eb intelektuali t\u00eb shquar; nj\u00eb z\u00ebri t\u00eb fuqish\u00ebm dhe pene t\u00eb fort\u00eb e t\u00eb thell\u00eb; nj\u00eb nd\u00ebr shkrimtar\u00ebt m\u00eb prodhimtar\u00eb t\u00eb let\u00ebrsis\u00eb son\u00eb; nj\u00eb mendimtari t\u00eb vyer p\u00ebr kombin ton\u00eb; nj\u00eb studiuesi t\u00eb paepur; nj\u00eb miku t\u00eb dashur, zotit Moikom Zeqo, me rastin e 70-vjetorit t\u00eb lindjes s\u00eb tij.<br \/>\nK\u00ebrkohet nj\u00eb koh\u00eb e pafundme t\u00eb flas\u00ebsh p\u00ebr krijimtarin\u00eb, p\u00ebr kontributin dhe ndikimin shoq\u00ebror, kulturor dhe atdhetar t\u00eb Moikomit, pasi kur flitet p\u00ebr nj\u00eb njeri t\u00eb till\u00eb mbetemi pa fjal\u00eb p\u00ebr shkak t\u00eb kontributit dhe veprave t\u00eb tij t\u00eb shumta, si nj\u00eb prej personaliteteve me t\u00eb njohura t\u00eb kultur\u00ebs son\u00eb komb\u00ebtare, nj\u00eb nd\u00ebr studiuesit dhe krijuesit shqiptar\u00eb m\u00eb t\u00eb vler\u00ebsuar brenda dhe jasht\u00eb vendit.<br \/>\nP\u00ebr kultur\u00ebn ton\u00eb Moikomi mbetet nj\u00eb nga penat m\u00eb poliedrike dhe prodhimtare, i cili vazhdon t\u00eb jap\u00eb nj\u00eb kontribut t\u00eb jasht\u00ebzakonsh\u00ebm si n\u00eb fush\u00ebn e let\u00ebrsis\u00eb e t\u00eb kultur\u00ebs, ashtu edhe t\u00eb studimeve akademike.<br \/>\nRrall\u00ebher\u00eb ndodh q\u00eb nj\u00eb vend t\u00eb ket\u00eb n\u00eb gjirin e vet njer\u00ebz me nj\u00eb profil kaq t\u00eb gjer\u00eb intelektual.<br \/>\nAi mbart brenda vetes historianin e antikitetit dhe t\u00eb Bizantit, poetin, arkeologun dhe novelistin, piktorin dhe muzikologun, politikanin, intelektualin e angazhuar n\u00eb jet\u00ebn publike, mendimtarin dhe eseistin.<br \/>\nMe erudicionin e tij t\u00eb jasht\u00ebzakonsh\u00ebm, Moikomi mbetet nj\u00eb z\u00eb i fort\u00eb intelektual n\u00eb Shqip\u00ebri dhe m\u00eb gjer\u00eb.<\/p>\n<p>Me nj\u00eb fines\u00eb oratorie dhe nj\u00eb stil tejet t\u00eb rafinuar t\u00eb shkruari ai ka ditur q\u00eb gjat\u00eb gjith\u00eb jet\u00ebs t\u00eb shpreh\u00eb mendimet dhe q\u00ebndrimet e tij me shum\u00eb men\u00e7uri, mendjempreht\u00ebsi dhe eleganc\u00eb.<br \/>\nGjithashtu, ai ka ditur t\u00eb ushqej\u00eb vazhdimisht etjen p\u00ebr dituri dhe kureshtjen e pafund.<br \/>\nBota e dijes \u00ebsht\u00eb e mbushur me mistere magjike, n\u00eb pritje q\u00eb mendjet tona t\u00eb b\u00ebhen m\u00eb t\u00eb mprehta p\u00ebr t\u2019i kuptuar ato.<br \/>\nMendja e Moikomit, hulumtimi i kthjell\u00ebt dhe kritik i tij, jo vet\u00ebm q\u00eb kan\u00eb zbuluar t\u00eb v\u00ebrtetat e shkuara, por mbeten si trash\u00ebgimi akademike dhe kulturore si t\u00eb v\u00ebrteta t\u00eb s\u00eb ardhmes.<br \/>\nSi shkrimtar, poet, arkeolog, politikan, eseist dhe si filozof, kontributi i Moikomit nd\u00ebr vite ka qen\u00eb gjithnj\u00eb i vyer dhe \u00ebsht\u00eb njohur dhe i vler\u00ebsuar gjer\u00ebsisht.<br \/>\nCil\u00ebsi t\u00eb tilla plot kualitet dhe profesionaliz\u00ebm nuk kan\u00eb qen\u00eb aspak t\u00eb rast\u00ebsishme, por fryt i p\u00ebrpjekjeve t\u00eb vazhdueshme intelektuale\u201d, \u2013 theksoi mes t\u00eb tjerash Presidenti Meta.<br \/>\n\u201cPor, mendja e tij e ndritur p\u00ebrkon edhe me nj\u00eb personalitet njer\u00ebzor t\u00eb jasht\u00ebzakonsh\u00ebm.<br \/>\nNj\u00eb njeri fisnik, dishepull i mir\u00ebsis\u00eb, i miq\u00ebsis\u00eb dhe humanizmit, nj\u00eb njeri i shtrenjt\u00eb p\u00ebr miqt\u00eb dhe familjen, i p\u00ebrkushtuar ndaj virtytit dhe liris\u00eb.<br \/>\nEdhe n\u00eb angazhimet e tij publike n\u00eb politik\u00eb, Moikomi \u00ebsht\u00eb dalluar gjithmon\u00eb si nj\u00eb intelektual i p\u00ebrkushtuar ndaj t\u00eb v\u00ebrtet\u00ebs, t\u00eb mir\u00ebs publike dhe interesit komb\u00ebtar.<br \/>\nNj\u00eb intelektual, i cili e ka treguar dashurin\u00eb p\u00ebr vendin p\u00ebrmes nj\u00eb jete t\u00eb mbushur me kontribute t\u00eb shumta e t\u00eb \u00e7muara, t\u00eb cilat do sh\u00ebrbejn\u00eb si piketa t\u00eb r\u00ebnd\u00ebsishme n\u00eb kultur\u00ebn dhe historin\u00eb e s\u00eb ardhmes.<br \/>\nNdaj sot, i uroj Moikomit edhe shum\u00eb vite t\u00eb tjera me d\u00ebshir\u00ebn p\u00ebr t\u00eb lexuar vepra e tij t\u00eb pashtershme. Faleminderit!\u201d \u2013 n\u00ebnvizoi Presidenti i Republik\u00ebs.<br \/>\nPasi mori n\u00eb dor\u00ebzim titullin e lart\u00eb, zoti Moikom Zeqo fal\u00ebnderoi Presidentin e Republik\u00ebs p\u00ebr vler\u00ebsimin n\u00eb k\u00ebt\u00eb p\u00ebrvjetor t\u00eb shtat\u00ebdhjet\u00eb t\u00eb dit\u00eblindjes dhe citoi fjal\u00ebt e Heroit ton\u00eb Komb\u00ebtar: \u201cUn\u00eb do t\u00eb jem mik i virtyteve, por jo i fatit\u201d.<\/p>\n<p>&nbsp;<\/p>\n","protected":false},"excerpt":{"rendered":"<p>Presidenti i Republik\u00ebs, Sh. T. Z. Ilir Meta \u00e7moi eruditin Moikom Zeqo me Titullin \u201cKalor\u00ebs i Urdhrit t\u00eb Sk\u00ebnderbeut\u201d \u201cN\u00eb vler\u00ebsim t\u00eb kontributit t\u00eb tij poliedrik n\u00eb dobi t\u00eb artit, kultur\u00ebs e historis\u00eb son\u00eb komb\u00ebtare. Me cil\u00ebsit\u00eb e shquara si studiues, talentin dhe aft\u00ebsit\u00eb krijuese i ka ofruar publikut shqiptar dhe t\u00eb huaj vepra t\u00eb [&hellip;]<\/p>\n","protected":false},"author":2013,"featured_media":87988,"comment_status":"open","ping_status":"closed","sticky":false,"template":"","format":"standard","meta":{"footnotes":""},"categories":[241,235],"tags":[],"class_list":{"0":"post-87987","1":"post","2":"type-post","3":"status-publish","4":"format-standard","5":"has-post-thumbnail","7":"category-aktualitet","8":"category-vendi"},"_links":{"self":[{"href":"https:\/\/zjarr.tv\/sq\/wp-json\/wp\/v2\/posts\/87987","targetHints":{"allow":["GET"]}}],"collection":[{"href":"https:\/\/zjarr.tv\/sq\/wp-json\/wp\/v2\/posts"}],"about":[{"href":"https:\/\/zjarr.tv\/sq\/wp-json\/wp\/v2\/types\/post"}],"author":[{"embeddable":true,"href":"https:\/\/zjarr.tv\/sq\/wp-json\/wp\/v2\/users\/2013"}],"replies":[{"embeddable":true,"href":"https:\/\/zjarr.tv\/sq\/wp-json\/wp\/v2\/comments?post=87987"}],"version-history":[{"count":0,"href":"https:\/\/zjarr.tv\/sq\/wp-json\/wp\/v2\/posts\/87987\/revisions"}],"wp:featuredmedia":[{"embeddable":true,"href":"https:\/\/zjarr.tv\/sq\/wp-json\/wp\/v2\/media\/87988"}],"wp:attachment":[{"href":"https:\/\/zjarr.tv\/sq\/wp-json\/wp\/v2\/media?parent=87987"}],"wp:term":[{"taxonomy":"category","embeddable":true,"href":"https:\/\/zjarr.tv\/sq\/wp-json\/wp\/v2\/categories?post=87987"},{"taxonomy":"post_tag","embeddable":true,"href":"https:\/\/zjarr.tv\/sq\/wp-json\/wp\/v2\/tags?post=87987"}],"curies":[{"name":"wp","href":"https:\/\/api.w.org\/{rel}","templated":true}]}}