{"id":87993,"date":"2019-06-05T15:14:23","date_gmt":"2019-06-05T13:14:23","guid":{"rendered":"https:\/\/zjarr.tv\/?p=87993"},"modified":"2019-06-05T15:14:23","modified_gmt":"2019-06-05T13:14:23","slug":"demtimet-detyrojne-rejen-te-ndryshoje-formacionin-ja-skema-e-re-anti-islande","status":"publish","type":"post","link":"https:\/\/zjarr.tv\/sq\/demtimet-detyrojne-rejen-te-ndryshoje-formacionin-ja-skema-e-re-anti-islande\/","title":{"rendered":"D\u00ebmtimet detyrojn\u00eb Rej\u00ebn t\u00eb ndryshoj\u00eb formacionin, ja skema e re anti-Island\u00eb"},"content":{"rendered":"<p>Komb\u00ebtarja e Shqip\u00ebris\u00eb prej dy dit\u00ebsh ndodhet n\u00eb Gjermani duke zhvilluar p\u00ebrgatitjet p\u00ebr ndeshjet eliminatore t\u00eb Euro 2020 kund\u00ebr Island\u00ebs dhe Moldavis\u00eb.<\/p>\n<p>Kan\u00eb nisur shqet\u00ebsimet e para p\u00ebr trajnerin Edi Reja pasi n\u00eb st\u00ebrvitjen e djeshme Ardian Ismajli dhe Amir Abrashi kan\u00eb pasur shqet\u00ebsime fizike duke ngritur n\u00eb alarm kampion kuqezi.<\/p>\n<p>N\u00eb munges\u00eb t\u00eb Ismajlit, gjat\u00eb p\u00ebrgatitjeve t\u00eb djeshme, trajneri Reja ka spostuar Hysajn n\u00eb treshen e mbrojtjes. Futbollisti i Napolit \u00ebsht\u00eb rreshtuar p\u00ebrkrah Dermakut dhe Mihajt. Dy lojtar\u00ebt, Abrashi dhe Ismajli nuk pritet t\u00eb mungojn\u00eb nga gjendja aktuale, por italiani duket se ka testuar shkodranin si \u201cxhol\u201d n\u00eb prapavij\u00eb p\u00ebr \u00e7do emergjenc\u00eb.<\/p>\n<p>Edhe pse futbollist\u00ebt nd\u00ebrrohen shpesh n\u00eb fush\u00eb, Xhaka, Basha e Ka\u00e7e, s\u00eb bashku me Abrashin pritet t\u00eb ndajn\u00eb mes tyre tri fanella titullar\u00ebsh.<\/p>\n<p>Nga krah\u00ebt, Roshi e Lenjani pritet t\u00eb b\u00ebjn\u00eb \u201cashensorin\u201d, nga mbrojtja drejt sulmit. N\u00eb vij\u00ebn e par\u00eb, Balaj e Cikalleshi mund t\u00eb jen\u00eb dyshja q\u00eb favorizohet edhe nga shtatlart\u00ebsia.<\/p>\n<p>Me disa ndryshime \u2018Panorama Sport\u2019 ka publikuar formacionin e mundsh\u00ebm t\u00eb p\u00ebrfaq\u00ebsueses shqiptare n\u00eb duelin e 8 qershorit kund\u00ebr Island\u00ebs.<\/p>\n<p>&nbsp;<\/p>\n","protected":false},"excerpt":{"rendered":"<p>Komb\u00ebtarja e Shqip\u00ebris\u00eb prej dy dit\u00ebsh ndodhet n\u00eb Gjermani duke zhvilluar p\u00ebrgatitjet p\u00ebr ndeshjet eliminatore t\u00eb Euro 2020 kund\u00ebr Island\u00ebs dhe Moldavis\u00eb. Kan\u00eb nisur shqet\u00ebsimet e para p\u00ebr trajnerin Edi Reja pasi n\u00eb st\u00ebrvitjen e djeshme Ardian Ismajli dhe Amir Abrashi kan\u00eb pasur shqet\u00ebsime fizike duke ngritur n\u00eb alarm kampion kuqezi. N\u00eb munges\u00eb t\u00eb Ismajlit, [&hellip;]<\/p>\n","protected":false},"author":2013,"featured_media":87994,"comment_status":"open","ping_status":"closed","sticky":false,"template":"","format":"standard","meta":{"footnotes":""},"categories":[241,192],"tags":[],"class_list":{"0":"post-87993","1":"post","2":"type-post","3":"status-publish","4":"format-standard","5":"has-post-thumbnail","7":"category-aktualitet","8":"category-sport"},"_links":{"self":[{"href":"https:\/\/zjarr.tv\/sq\/wp-json\/wp\/v2\/posts\/87993","targetHints":{"allow":["GET"]}}],"collection":[{"href":"https:\/\/zjarr.tv\/sq\/wp-json\/wp\/v2\/posts"}],"about":[{"href":"https:\/\/zjarr.tv\/sq\/wp-json\/wp\/v2\/types\/post"}],"author":[{"embeddable":true,"href":"https:\/\/zjarr.tv\/sq\/wp-json\/wp\/v2\/users\/2013"}],"replies":[{"embeddable":true,"href":"https:\/\/zjarr.tv\/sq\/wp-json\/wp\/v2\/comments?post=87993"}],"version-history":[{"count":0,"href":"https:\/\/zjarr.tv\/sq\/wp-json\/wp\/v2\/posts\/87993\/revisions"}],"wp:featuredmedia":[{"embeddable":true,"href":"https:\/\/zjarr.tv\/sq\/wp-json\/wp\/v2\/media\/87994"}],"wp:attachment":[{"href":"https:\/\/zjarr.tv\/sq\/wp-json\/wp\/v2\/media?parent=87993"}],"wp:term":[{"taxonomy":"category","embeddable":true,"href":"https:\/\/zjarr.tv\/sq\/wp-json\/wp\/v2\/categories?post=87993"},{"taxonomy":"post_tag","embeddable":true,"href":"https:\/\/zjarr.tv\/sq\/wp-json\/wp\/v2\/tags?post=87993"}],"curies":[{"name":"wp","href":"https:\/\/api.w.org\/{rel}","templated":true}]}}