{"id":88698,"date":"2019-06-08T19:50:03","date_gmt":"2019-06-08T17:50:03","guid":{"rendered":"https:\/\/zjarr.tv\/?p=88698"},"modified":"2019-06-08T19:50:03","modified_gmt":"2019-06-08T17:50:03","slug":"protesta-e-opozites-lulzim-basha-nis-marshimin-drejt-kryeministrise","status":"publish","type":"post","link":"https:\/\/zjarr.tv\/sq\/protesta-e-opozites-lulzim-basha-nis-marshimin-drejt-kryeministrise\/","title":{"rendered":"Protesta e Opozit\u00ebs, Lulzim Basha nis marshimin drejt kryeministris\u00eb"},"content":{"rendered":"<p>Kryetari i PD dhe lideri i opozit\u00ebs Lulzim Basha ka nisur marshimin e tij nga selia blu drejt bulevardit \u201cD\u00ebshmor\u00ebt e Kombit\u201d.<\/p>\n<p>Basha shoq\u00ebrohet nga mij\u00ebra qytetar\u00eb si dhe nga zyrtar\u00eb t\u00eb Partis\u00eb Demokratike.<\/p>\n<p>&nbsp;<\/p>\n","protected":false},"excerpt":{"rendered":"<p>Kryetari i PD dhe lideri i opozit\u00ebs Lulzim Basha ka nisur marshimin e tij nga selia blu drejt bulevardit \u201cD\u00ebshmor\u00ebt e Kombit\u201d. Basha shoq\u00ebrohet nga mij\u00ebra qytetar\u00eb si dhe nga zyrtar\u00eb t\u00eb Partis\u00eb Demokratike. &nbsp;<\/p>\n","protected":false},"author":2013,"featured_media":85851,"comment_status":"open","ping_status":"closed","sticky":false,"template":"","format":"standard","meta":{"footnotes":""},"categories":[241,235],"tags":[],"class_list":{"0":"post-88698","1":"post","2":"type-post","3":"status-publish","4":"format-standard","5":"has-post-thumbnail","7":"category-aktualitet","8":"category-vendi"},"_links":{"self":[{"href":"https:\/\/zjarr.tv\/sq\/wp-json\/wp\/v2\/posts\/88698","targetHints":{"allow":["GET"]}}],"collection":[{"href":"https:\/\/zjarr.tv\/sq\/wp-json\/wp\/v2\/posts"}],"about":[{"href":"https:\/\/zjarr.tv\/sq\/wp-json\/wp\/v2\/types\/post"}],"author":[{"embeddable":true,"href":"https:\/\/zjarr.tv\/sq\/wp-json\/wp\/v2\/users\/2013"}],"replies":[{"embeddable":true,"href":"https:\/\/zjarr.tv\/sq\/wp-json\/wp\/v2\/comments?post=88698"}],"version-history":[{"count":0,"href":"https:\/\/zjarr.tv\/sq\/wp-json\/wp\/v2\/posts\/88698\/revisions"}],"wp:featuredmedia":[{"embeddable":true,"href":"https:\/\/zjarr.tv\/sq\/wp-json\/wp\/v2\/media\/85851"}],"wp:attachment":[{"href":"https:\/\/zjarr.tv\/sq\/wp-json\/wp\/v2\/media?parent=88698"}],"wp:term":[{"taxonomy":"category","embeddable":true,"href":"https:\/\/zjarr.tv\/sq\/wp-json\/wp\/v2\/categories?post=88698"},{"taxonomy":"post_tag","embeddable":true,"href":"https:\/\/zjarr.tv\/sq\/wp-json\/wp\/v2\/tags?post=88698"}],"curies":[{"name":"wp","href":"https:\/\/api.w.org\/{rel}","templated":true}]}}