{"id":88839,"date":"2019-06-09T16:21:13","date_gmt":"2019-06-09T14:21:13","guid":{"rendered":"https:\/\/zjarr.tv\/?p=88839"},"modified":"2019-06-09T16:21:13","modified_gmt":"2019-06-09T14:21:13","slug":"anulimi-i-zgjedhjeve-vjen-reagimi-zyrtar-nga-cdu-csu","status":"publish","type":"post","link":"https:\/\/zjarr.tv\/sq\/anulimi-i-zgjedhjeve-vjen-reagimi-zyrtar-nga-cdu-csu\/","title":{"rendered":"Anulimi i zgjedhjeve, vjen reagimi zyrtar nga CDU\/CSU"},"content":{"rendered":"<p>Nj\u00eb dit\u00eb pasi presidenti i Republik\u00ebs Ilir Meta \u00e7dekretoi zhvillimin e zgjedhjeve lokale m\u00eb 30 qershor, vjen reagimi zyrtar nga koalicioni qeveris\u00ebs n\u00eb Gjermani, CDU\/CSU.<\/p>\n<p>P\u00ebrmes nj\u00eb deklarate p\u00ebr media, n\u00ebnkryetari i grupit parlamentar t\u00eb Unionit Kristiandemokrat dhe Kristiansocial n\u00eb parlamentin gjerman (Bundestag), CDU\/CSU, Johann David Wadephul, shprehet se, t\u00eb gjitha pal\u00ebt politike n\u00eb vend duhet t\u00eb gjejn\u00eb rrug\u00ebn e dialogut.<\/p>\n<p>N\u00eb fund t\u00eb deklarat\u00ebs, CDU\/CSU rithekson se, \u201cn\u00ebse Shqip\u00ebria d\u00ebshiron t\u00eb p\u00ebrshkoj\u00eb k\u00ebt\u00eb rrug\u00eb drejt Evrop\u00ebs, sigurisht q\u00eb do t\u00eb marr\u00eb \u00e7do mb\u00ebshtetje nga Gjermania\u201d.<\/p>\n<p>\u2018Pas k\u00ebtij vendimi t\u00eb presidentit, ekziston nj\u00eb situat\u00eb e re politike. T\u00eb gjitha pal\u00ebt tani duhet t\u00eb k\u00ebrkojn\u00eb rrug\u00ebn e pajtimit. K\u00ebtu p\u00ebrfshihen zgjedhje lokale demokratike me disa kandidat\u00eb t\u00eb mundsh\u00ebm. Kjo presupozon q\u00eb t\u00eb gjith\u00eb ta pranojn\u00eb vendimin e presidentit dhe pastaj t\u00eb marrin pjes\u00eb n\u00eb gar\u00ebn politike. \u00c7do gj\u00eb tjet\u00ebr do t\u00eb ishte jo evropiane dhe do t&#8217;i forconte n\u00eb m\u00ebnyr\u00eb t\u00eb panevojshme dyshimet mbi dobin\u00eb e nj\u00eb procesit t\u00eb aderimit. K\u00ebshtu do t\u00eb krijohej nj\u00eb baz\u00eb e re p\u00ebr nj\u00eb bashk\u00ebjetes\u00eb paq\u00ebsore mes konkurrent\u00ebve politik\u00eb.<\/p>\n<p>N\u00eb Evrop\u00eb, \u00e7do qeveri duhet t\u00eb pranoj\u00eb nj\u00eb opozit\u00eb kritike, dhe \u00e7do opozit\u00eb duhet t\u00eb pranoj\u00eb nj\u00eb qeveri efektive. Kjo \u00ebsht\u00eb nj\u00eb baz\u00eb qen\u00ebsore p\u00ebr nj\u00eb shtet t\u00eb q\u00ebndruesh\u00ebm dhe demokratik. N\u00ebse Shqip\u00ebria d\u00ebshiron t\u00eb p\u00ebrshkoj\u00eb k\u00ebt\u00eb rrug\u00eb drejt Evrop\u00ebs, sigurisht q\u00eb do t\u00eb marr\u00eb \u00e7do mb\u00ebshtetje nga Gjermania\u201d, thuhet n\u00eb deklarat\u00ebn zyrtare t\u00eb koalicionit qeveris\u00ebs n\u00eb Gjermani, CDU\/CSU.<\/p>\n<p>Pak para marrjes s\u00eb vendimit p\u00ebr shtyrjen e zgjedhjeve, Presidenti Meta kishte qen\u00eb p\u00ebr nj\u00eb vizit\u00eb n\u00eb Berlin, ku zhvilloi takime me shum\u00eb deputet\u00eb gjerman\u00eb, nd\u00ebr ta edhe me n\u00ebnkryetarin e partis\u00eb qeveris\u00ebse, Johann David Wadephul.<\/p>\n<p>&nbsp;<\/p>\n","protected":false},"excerpt":{"rendered":"<p>Nj\u00eb dit\u00eb pasi presidenti i Republik\u00ebs Ilir Meta \u00e7dekretoi zhvillimin e zgjedhjeve lokale m\u00eb 30 qershor, vjen reagimi zyrtar nga koalicioni qeveris\u00ebs n\u00eb Gjermani, CDU\/CSU. P\u00ebrmes nj\u00eb deklarate p\u00ebr media, n\u00ebnkryetari i grupit parlamentar t\u00eb Unionit Kristiandemokrat dhe Kristiansocial n\u00eb parlamentin gjerman (Bundestag), CDU\/CSU, Johann David Wadephul, shprehet se, t\u00eb gjitha pal\u00ebt politike n\u00eb vend [&hellip;]<\/p>\n","protected":false},"author":2013,"featured_media":83101,"comment_status":"open","ping_status":"closed","sticky":false,"template":"","format":"standard","meta":{"footnotes":""},"categories":[241,235],"tags":[],"class_list":{"0":"post-88839","1":"post","2":"type-post","3":"status-publish","4":"format-standard","5":"has-post-thumbnail","7":"category-aktualitet","8":"category-vendi"},"_links":{"self":[{"href":"https:\/\/zjarr.tv\/sq\/wp-json\/wp\/v2\/posts\/88839","targetHints":{"allow":["GET"]}}],"collection":[{"href":"https:\/\/zjarr.tv\/sq\/wp-json\/wp\/v2\/posts"}],"about":[{"href":"https:\/\/zjarr.tv\/sq\/wp-json\/wp\/v2\/types\/post"}],"author":[{"embeddable":true,"href":"https:\/\/zjarr.tv\/sq\/wp-json\/wp\/v2\/users\/2013"}],"replies":[{"embeddable":true,"href":"https:\/\/zjarr.tv\/sq\/wp-json\/wp\/v2\/comments?post=88839"}],"version-history":[{"count":0,"href":"https:\/\/zjarr.tv\/sq\/wp-json\/wp\/v2\/posts\/88839\/revisions"}],"wp:featuredmedia":[{"embeddable":true,"href":"https:\/\/zjarr.tv\/sq\/wp-json\/wp\/v2\/media\/83101"}],"wp:attachment":[{"href":"https:\/\/zjarr.tv\/sq\/wp-json\/wp\/v2\/media?parent=88839"}],"wp:term":[{"taxonomy":"category","embeddable":true,"href":"https:\/\/zjarr.tv\/sq\/wp-json\/wp\/v2\/categories?post=88839"},{"taxonomy":"post_tag","embeddable":true,"href":"https:\/\/zjarr.tv\/sq\/wp-json\/wp\/v2\/tags?post=88839"}],"curies":[{"name":"wp","href":"https:\/\/api.w.org\/{rel}","templated":true}]}}