{"id":88841,"date":"2019-06-09T16:24:29","date_gmt":"2019-06-09T14:24:29","guid":{"rendered":"https:\/\/zjarr.tv\/?p=88841"},"modified":"2019-06-09T16:24:29","modified_gmt":"2019-06-09T14:24:29","slug":"e-rende-12-vjecari-mbytet-ne-pishine","status":"publish","type":"post","link":"https:\/\/zjarr.tv\/sq\/e-rende-12-vjecari-mbytet-ne-pishine\/","title":{"rendered":"E r\u00ebnd\u00eb, 12 vje\u00e7ari mbytet n\u00eb pishin\u00eb"},"content":{"rendered":"<p>Nj\u00eb ngjarje e r\u00ebnd\u00eb ka ndodhur k\u00ebt\u00eb mesdit\u00eb n\u00eb Kuk\u00ebs, ku nj\u00eb 12 vje\u00e7ar ka humbur jet\u00ebn.<\/p>\n<p>Burime nga policia kan\u00eb b\u00ebr\u00eb me dije se i mituri \u00ebsht\u00eb mbytur n\u00eb nj\u00eb pishin\u00eb n\u00eb fshatin Kod\u00ebr Lum\u00eb, nd\u00ebrsa po hetohet p\u00ebr t\u00eb zbardhur plot\u00ebsisht ngjarjen.<\/p>\n<p>Policia b\u00ebn me dije se i mituri \u00ebsht\u00eb identifikuar me inicialet A.L., 12 vje\u00e7 nga Kuk\u00ebsi.<\/p>\n<p>&nbsp;<\/p>\n","protected":false},"excerpt":{"rendered":"<p>Nj\u00eb ngjarje e r\u00ebnd\u00eb ka ndodhur k\u00ebt\u00eb mesdit\u00eb n\u00eb Kuk\u00ebs, ku nj\u00eb 12 vje\u00e7ar ka humbur jet\u00ebn. Burime nga policia kan\u00eb b\u00ebr\u00eb me dije se i mituri \u00ebsht\u00eb mbytur n\u00eb nj\u00eb pishin\u00eb n\u00eb fshatin Kod\u00ebr Lum\u00eb, nd\u00ebrsa po hetohet p\u00ebr t\u00eb zbardhur plot\u00ebsisht ngjarjen. Policia b\u00ebn me dije se i mituri \u00ebsht\u00eb identifikuar me inicialet [&hellip;]<\/p>\n","protected":false},"author":2013,"featured_media":88842,"comment_status":"open","ping_status":"closed","sticky":false,"template":"","format":"standard","meta":{"footnotes":""},"categories":[241,235],"tags":[],"class_list":{"0":"post-88841","1":"post","2":"type-post","3":"status-publish","4":"format-standard","5":"has-post-thumbnail","7":"category-aktualitet","8":"category-vendi"},"_links":{"self":[{"href":"https:\/\/zjarr.tv\/sq\/wp-json\/wp\/v2\/posts\/88841","targetHints":{"allow":["GET"]}}],"collection":[{"href":"https:\/\/zjarr.tv\/sq\/wp-json\/wp\/v2\/posts"}],"about":[{"href":"https:\/\/zjarr.tv\/sq\/wp-json\/wp\/v2\/types\/post"}],"author":[{"embeddable":true,"href":"https:\/\/zjarr.tv\/sq\/wp-json\/wp\/v2\/users\/2013"}],"replies":[{"embeddable":true,"href":"https:\/\/zjarr.tv\/sq\/wp-json\/wp\/v2\/comments?post=88841"}],"version-history":[{"count":0,"href":"https:\/\/zjarr.tv\/sq\/wp-json\/wp\/v2\/posts\/88841\/revisions"}],"wp:featuredmedia":[{"embeddable":true,"href":"https:\/\/zjarr.tv\/sq\/wp-json\/wp\/v2\/media\/88842"}],"wp:attachment":[{"href":"https:\/\/zjarr.tv\/sq\/wp-json\/wp\/v2\/media?parent=88841"}],"wp:term":[{"taxonomy":"category","embeddable":true,"href":"https:\/\/zjarr.tv\/sq\/wp-json\/wp\/v2\/categories?post=88841"},{"taxonomy":"post_tag","embeddable":true,"href":"https:\/\/zjarr.tv\/sq\/wp-json\/wp\/v2\/tags?post=88841"}],"curies":[{"name":"wp","href":"https:\/\/api.w.org\/{rel}","templated":true}]}}