{"id":88907,"date":"2019-06-09T21:00:14","date_gmt":"2019-06-09T19:00:14","guid":{"rendered":"https:\/\/zjarr.tv\/?p=88907"},"modified":"2019-06-09T18:22:45","modified_gmt":"2019-06-09T16:22:45","slug":"jennifer-lopez-nis-turneun-ngjitet-ne-skene-me-vajzen","status":"publish","type":"post","link":"https:\/\/zjarr.tv\/sq\/jennifer-lopez-nis-turneun-ngjitet-ne-skene-me-vajzen\/","title":{"rendered":"Jennifer Lopez nis turneun, ngjitet n\u00eb sken\u00eb me vajz\u00ebn"},"content":{"rendered":"<p>Jennifer Lopez nisi turneu It&#8217;s My Party: The Live Celebration n\u00eb nder t\u00eb dit\u00eblindjes s\u00eb saj t\u00eb 50-t\u00eb n\u00eb The Forum n\u00eb Los Angeles mbr\u00ebmjen e s\u00eb premtes.<\/p>\n<p>Dhe nj\u00eb e ftuar shum\u00eb e ve\u00e7ant\u00eb iu bashkua div\u00ebs s\u00eb muzik\u00ebs n\u00eb sken\u00eb, vajza e saj 11-vje\u00e7are Emme.<\/p>\n<p>N\u00ebn\u00eb e bij\u00eb k\u00ebnduan nj\u00eb duet n\u00eb sken\u00eb dhe fansat mbet\u00ebn me goj\u00eb hapur.<\/p>\n<p>Lopez dhe Emme performuan k\u00ebng\u00ebn &#8220;Limitless&#8221; nga filmi i saj &#8220;Second Act&#8221; nd\u00ebrsa ishin veshur t\u00eb dyja me fustan t\u00eb kuq.<\/p>\n<p>K\u00ebng\u00ebtarja nuk mund t\u00eb p\u00ebrmbante krenarin\u00eb e saj dhe publikoi nj\u00eb pjes\u00eb t\u00eb videos duke k\u00ebnduar n\u00eb mediat sociale.<\/p>\n<p>Megjithat\u00eb aft\u00ebsit\u00eb vokale t\u00eb Emme nuk ishin surpriz\u00eb. Muajin e kaluar, Lopez publikoi nj\u00eb video t\u00eb vajz\u00ebs duke k\u00ebnduar &#8220;If I Ain&#8217;t Got You&#8221; t\u00eb Alicia Keys.<\/p>\n<p>&nbsp;<\/p>\n","protected":false},"excerpt":{"rendered":"<p>Jennifer Lopez nisi turneu It&#8217;s My Party: The Live Celebration n\u00eb nder t\u00eb dit\u00eblindjes s\u00eb saj t\u00eb 50-t\u00eb n\u00eb The Forum n\u00eb Los Angeles mbr\u00ebmjen e s\u00eb premtes. Dhe nj\u00eb e ftuar shum\u00eb e ve\u00e7ant\u00eb iu bashkua div\u00ebs s\u00eb muzik\u00ebs n\u00eb sken\u00eb, vajza e saj 11-vje\u00e7are Emme. N\u00ebn\u00eb e bij\u00eb k\u00ebnduan nj\u00eb duet n\u00eb sken\u00eb [&hellip;]<\/p>\n","protected":false},"author":2013,"featured_media":88908,"comment_status":"open","ping_status":"closed","sticky":false,"template":"","format":"standard","meta":{"footnotes":""},"categories":[241,193],"tags":[],"class_list":{"0":"post-88907","1":"post","2":"type-post","3":"status-publish","4":"format-standard","5":"has-post-thumbnail","7":"category-aktualitet","8":"category-showbiz"},"_links":{"self":[{"href":"https:\/\/zjarr.tv\/sq\/wp-json\/wp\/v2\/posts\/88907","targetHints":{"allow":["GET"]}}],"collection":[{"href":"https:\/\/zjarr.tv\/sq\/wp-json\/wp\/v2\/posts"}],"about":[{"href":"https:\/\/zjarr.tv\/sq\/wp-json\/wp\/v2\/types\/post"}],"author":[{"embeddable":true,"href":"https:\/\/zjarr.tv\/sq\/wp-json\/wp\/v2\/users\/2013"}],"replies":[{"embeddable":true,"href":"https:\/\/zjarr.tv\/sq\/wp-json\/wp\/v2\/comments?post=88907"}],"version-history":[{"count":0,"href":"https:\/\/zjarr.tv\/sq\/wp-json\/wp\/v2\/posts\/88907\/revisions"}],"wp:featuredmedia":[{"embeddable":true,"href":"https:\/\/zjarr.tv\/sq\/wp-json\/wp\/v2\/media\/88908"}],"wp:attachment":[{"href":"https:\/\/zjarr.tv\/sq\/wp-json\/wp\/v2\/media?parent=88907"}],"wp:term":[{"taxonomy":"category","embeddable":true,"href":"https:\/\/zjarr.tv\/sq\/wp-json\/wp\/v2\/categories?post=88907"},{"taxonomy":"post_tag","embeddable":true,"href":"https:\/\/zjarr.tv\/sq\/wp-json\/wp\/v2\/tags?post=88907"}],"curies":[{"name":"wp","href":"https:\/\/api.w.org\/{rel}","templated":true}]}}