{"id":88910,"date":"2019-06-09T21:10:40","date_gmt":"2019-06-09T19:10:40","guid":{"rendered":"https:\/\/zjarr.tv\/?p=88910"},"modified":"2019-06-09T18:24:12","modified_gmt":"2019-06-09T16:24:12","slug":"hong-kong-protesta-kunder-ligjit-te-ekstradimit","status":"publish","type":"post","link":"https:\/\/zjarr.tv\/sq\/hong-kong-protesta-kunder-ligjit-te-ekstradimit\/","title":{"rendered":"Hong Kong, protesta kund\u00ebr ligjit t\u00eb ekstradimit"},"content":{"rendered":"<p>Dhjet\u00ebra mij\u00ebra vet\u00eb marshuan n\u00eb Hong Kong, p\u00ebr t\u00eb kund\u00ebrshtuar projektligjin e ekstradimit drejt pjes\u00ebs kontinentale t\u00eb Kin\u00ebs, q\u00eb kritik\u00ebt thon\u00eb se mund t\u2019i lejoj\u00eb Pekinit q\u00eb t\u00eb eliminoj\u00eb kund\u00ebrshtar\u00ebt politik\u00eb n\u00eb k\u00ebt\u00eb territor.<\/p>\n<p>Projektligji n\u00eb fjal\u00eb, n\u00ebse miratohet do t\u00eb lejonte d\u00ebrgimin p\u00ebr gjykim t\u00eb kriminel\u00ebve t\u00eb dyshuar n\u00eb Kin\u00ebn kontinentale, e cilat qeveriset nga ligje t\u00eb ndryshme nga ato t\u00eb rajonit t\u00eb posa\u00e7\u00ebm administrativ.<\/p>\n<p>Protesta konsiderohet m\u00eb e madhja e organizuar q\u00eb prej vitit 2014, kur rajoni u ngrit n\u00eb k\u00ebmb\u00eb p\u00ebr t\u00eb mb\u00ebshtetur L\u00ebvizjen Ombrella. Qeveria thot\u00eb se projektligji \u00ebsht\u00eb hartuar p\u00ebr t\u00eb forcuar mbrojtjen dhe se do t\u00eb mbyll\u00eb t\u00eb gjitha hap\u00ebsirat ligjore.<\/p>\n<p>Guvernatorja e Hong Kongut, Carrie Lam k\u00ebrkon q\u00eb ky projektligj t\u00eb miratohet para korrikut. Mb\u00ebshtet\u00ebsit thon\u00eb se ekzistojn\u00eb masa mbrojt\u00ebse p\u00ebr t\u00eb parandaluar q\u00eb dikush q\u00eb p\u00ebrballet me persekutim fetar apo politik, t\u00eb ekstradohet n\u00eb pjes\u00ebn kontinentale t\u00eb Kin\u00ebs.<\/p>\n<p>\u201cKy \u00ebsht\u00eb fundi p\u00ebr Hong Kongun, \u00ebsht\u00eb \u00e7\u00ebshtje p\u00ebr jet\u00eb a vdekje,\u201d d\u00ebgjohen thirrjet e protestuesve.<\/p>\n<p>Zyrtar\u00ebt vendor\u00eb t\u00eb Hong Kongut thon\u00eb se gjykatat e rajonit do t\u00eb ken\u00eb fjal\u00ebn e fundit p\u00ebr miratimin e k\u00ebrkesave t\u00eb ekstradimit, nd\u00ebrsa personat ndaj t\u00eb cil\u00ebve r\u00ebndojn\u00eb akuza politike apo fetare nuk do t\u00eb ekstradohen.<\/p>\n<p>&nbsp;<\/p>\n","protected":false},"excerpt":{"rendered":"<p>Dhjet\u00ebra mij\u00ebra vet\u00eb marshuan n\u00eb Hong Kong, p\u00ebr t\u00eb kund\u00ebrshtuar projektligjin e ekstradimit drejt pjes\u00ebs kontinentale t\u00eb Kin\u00ebs, q\u00eb kritik\u00ebt thon\u00eb se mund t\u2019i lejoj\u00eb Pekinit q\u00eb t\u00eb eliminoj\u00eb kund\u00ebrshtar\u00ebt politik\u00eb n\u00eb k\u00ebt\u00eb territor. Projektligji n\u00eb fjal\u00eb, n\u00ebse miratohet do t\u00eb lejonte d\u00ebrgimin p\u00ebr gjykim t\u00eb kriminel\u00ebve t\u00eb dyshuar n\u00eb Kin\u00ebn kontinentale, e cilat qeveriset [&hellip;]<\/p>\n","protected":false},"author":2013,"featured_media":88911,"comment_status":"open","ping_status":"closed","sticky":false,"template":"","format":"standard","meta":{"footnotes":""},"categories":[241,191],"tags":[],"class_list":{"0":"post-88910","1":"post","2":"type-post","3":"status-publish","4":"format-standard","5":"has-post-thumbnail","7":"category-aktualitet","8":"category-bota"},"_links":{"self":[{"href":"https:\/\/zjarr.tv\/sq\/wp-json\/wp\/v2\/posts\/88910","targetHints":{"allow":["GET"]}}],"collection":[{"href":"https:\/\/zjarr.tv\/sq\/wp-json\/wp\/v2\/posts"}],"about":[{"href":"https:\/\/zjarr.tv\/sq\/wp-json\/wp\/v2\/types\/post"}],"author":[{"embeddable":true,"href":"https:\/\/zjarr.tv\/sq\/wp-json\/wp\/v2\/users\/2013"}],"replies":[{"embeddable":true,"href":"https:\/\/zjarr.tv\/sq\/wp-json\/wp\/v2\/comments?post=88910"}],"version-history":[{"count":0,"href":"https:\/\/zjarr.tv\/sq\/wp-json\/wp\/v2\/posts\/88910\/revisions"}],"wp:featuredmedia":[{"embeddable":true,"href":"https:\/\/zjarr.tv\/sq\/wp-json\/wp\/v2\/media\/88911"}],"wp:attachment":[{"href":"https:\/\/zjarr.tv\/sq\/wp-json\/wp\/v2\/media?parent=88910"}],"wp:term":[{"taxonomy":"category","embeddable":true,"href":"https:\/\/zjarr.tv\/sq\/wp-json\/wp\/v2\/categories?post=88910"},{"taxonomy":"post_tag","embeddable":true,"href":"https:\/\/zjarr.tv\/sq\/wp-json\/wp\/v2\/tags?post=88910"}],"curies":[{"name":"wp","href":"https:\/\/api.w.org\/{rel}","templated":true}]}}