{"id":88942,"date":"2019-06-09T18:48:09","date_gmt":"2019-06-09T16:48:09","guid":{"rendered":"https:\/\/zjarr.tv\/?p=88942"},"modified":"2019-06-09T18:48:09","modified_gmt":"2019-06-09T16:48:09","slug":"ska-zgjedhje-nese-ska-gare-strazimiri-seshte-me-konflikt-me-presidentin-ka-folur-berlini","status":"publish","type":"post","link":"https:\/\/zjarr.tv\/sq\/ska-zgjedhje-nese-ska-gare-strazimiri-seshte-me-konflikt-me-presidentin-ka-folur-berlini\/","title":{"rendered":"&#8216;S&#8217;ka zgjedhje n\u00ebse s&#8217;ka gar\u00eb&#8217;\/ Strazimiri: S&#8217;\u00ebsht\u00eb m\u00eb konflikt me Presidentin, ka folur Berlini!"},"content":{"rendered":"<p>Vendimi i presidentit t\u00eb Republik\u00ebs Ilir Meta p\u00ebr \u00e7dekretimin e 30 qershorit si dat\u00eb p\u00ebr zgjedhjet lokale n\u00eb vend, \u00ebsht\u00eb komentuar edhe nga ish deputeti i PD-s\u00eb, Gent Strazimiri.<\/p>\n<p>P\u00ebrmes nj\u00eb postimi n\u00eb rrjetet sociale, Strazimiri shprehet se, ajo q\u00eb qeveria ka p\u00ebrgatitur p\u00ebr 30 qershor nuk jan\u00eb zgjedhje, si\u00e7 e p\u00ebrcakton edhe kushtetuta, pasi n\u00eb gar\u00eb kishte vet\u00ebm nj\u00eb forc\u00eb politike.<\/p>\n<p>M\u00eb tej, ish deputeti demokrat citon edhe reagimin e grupit parlamentar CDU\/CSU shton se, \u201cproblemi nuk ka qen\u00eb kurr\u00eb &#8220;data&#8221;, as &#8220;Kushtetuta&#8221;, e aq m\u00eb pak &#8220;integrimi&#8221;! Problemi i &#8220;Qeveris\u00eb 339&#8221; \u00ebsht\u00eb 1 dhe i vet\u00ebm: Si t\u00eb vazhdoj\u00eb t\u00eb grabis\u00eb duke i shp\u00ebtuar burgut!\u201d.<\/p>\n<p><strong>Postimi i plot\u00eb i Strazimirit:<\/strong><\/p>\n<p>MAFIA dhe LIRIA nuk bashk\u00ebjetojn\u00eb dot, nj\u00ebra duhet t\u00eb zhduket q\u00eb t\u00eb jetoj\u00eb tjetra!<\/p>\n<p>&#8220;30 qershori&#8221; nuk prekej, sepse n\u00eb baz\u00eb t\u00eb Kushtetut\u00ebs e kishte dekretuar Presidenti i Republik\u00ebs, dhe p\u00ebr m\u00eb tep\u00ebr nga ajo dat\u00eb varej &#8220;integrimi n\u00eb BE&#8221;!<br \/>\n&#8211; Presidenti i Republik\u00ebs e \u00e7dekretoi dje dat\u00ebn, duke argumentuar se ajo q\u00eb qeveria ka p\u00ebrgatitur p\u00ebr &#8220;30 qershorin&#8221; nuk jan\u00eb &#8220;ZGJEDHJE&#8221; si\u00e7 e p\u00ebrcakton dhe e k\u00ebrkon Kushtetuta, p\u00ebr shkak se s&#8217;ke \u00e7&#8217;t\u00eb zgjedh\u00ebs kur ka vet\u00ebm 1 kandidatur\u00eb&#8230;s&#8217;ka\u00a0gar\u00eb!<br \/>\n&#8211; BE, gjithashtu p\u00ebrshendet vendimin dhe arsyetimin e Presidentit t\u00eb Republik\u00ebs, dhe thekson se &#8220;n\u00ebse aspironi antar\u00ebsim n\u00eb BE, nuk quhen ZGJEDHJE n\u00ebse s&#8217;ka gar\u00eb&#8221;&#8230;<br \/>\nT\u00eb dyja &#8220;arsyet&#8221; e mosarsyes kan\u00eb r\u00ebn\u00eb, por &#8220;Qeveria 339&#8221;, vazhdon t\u00eb p\u00ebrbetohet p\u00ebr &#8220;30 qershorin&#8221;!!! A e dini pse?<br \/>\nSepse problemi nuk ka qen\u00eb kurr\u00eb &#8220;data&#8221;, as &#8220;Kushtetuta&#8221;, e aq m\u00eb pak &#8220;integrimi&#8221;!<br \/>\nProblemi i &#8220;Qeveris\u00eb 339&#8221; \u00ebsht\u00eb 1 dhe i vet\u00ebm: Si t\u00eb vazhdoj\u00eb t\u00eb grabis\u00eb duke i shp\u00ebtuar burgut! KAQ!<\/p>\n<p>&nbsp;<\/p>\n","protected":false},"excerpt":{"rendered":"<p>Vendimi i presidentit t\u00eb Republik\u00ebs Ilir Meta p\u00ebr \u00e7dekretimin e 30 qershorit si dat\u00eb p\u00ebr zgjedhjet lokale n\u00eb vend, \u00ebsht\u00eb komentuar edhe nga ish deputeti i PD-s\u00eb, Gent Strazimiri. P\u00ebrmes nj\u00eb postimi n\u00eb rrjetet sociale, Strazimiri shprehet se, ajo q\u00eb qeveria ka p\u00ebrgatitur p\u00ebr 30 qershor nuk jan\u00eb zgjedhje, si\u00e7 e p\u00ebrcakton edhe kushtetuta, pasi [&hellip;]<\/p>\n","protected":false},"author":2013,"featured_media":84041,"comment_status":"open","ping_status":"closed","sticky":false,"template":"","format":"standard","meta":{"footnotes":""},"categories":[241,235],"tags":[],"class_list":{"0":"post-88942","1":"post","2":"type-post","3":"status-publish","4":"format-standard","5":"has-post-thumbnail","7":"category-aktualitet","8":"category-vendi"},"_links":{"self":[{"href":"https:\/\/zjarr.tv\/sq\/wp-json\/wp\/v2\/posts\/88942","targetHints":{"allow":["GET"]}}],"collection":[{"href":"https:\/\/zjarr.tv\/sq\/wp-json\/wp\/v2\/posts"}],"about":[{"href":"https:\/\/zjarr.tv\/sq\/wp-json\/wp\/v2\/types\/post"}],"author":[{"embeddable":true,"href":"https:\/\/zjarr.tv\/sq\/wp-json\/wp\/v2\/users\/2013"}],"replies":[{"embeddable":true,"href":"https:\/\/zjarr.tv\/sq\/wp-json\/wp\/v2\/comments?post=88942"}],"version-history":[{"count":0,"href":"https:\/\/zjarr.tv\/sq\/wp-json\/wp\/v2\/posts\/88942\/revisions"}],"wp:featuredmedia":[{"embeddable":true,"href":"https:\/\/zjarr.tv\/sq\/wp-json\/wp\/v2\/media\/84041"}],"wp:attachment":[{"href":"https:\/\/zjarr.tv\/sq\/wp-json\/wp\/v2\/media?parent=88942"}],"wp:term":[{"taxonomy":"category","embeddable":true,"href":"https:\/\/zjarr.tv\/sq\/wp-json\/wp\/v2\/categories?post=88942"},{"taxonomy":"post_tag","embeddable":true,"href":"https:\/\/zjarr.tv\/sq\/wp-json\/wp\/v2\/tags?post=88942"}],"curies":[{"name":"wp","href":"https:\/\/api.w.org\/{rel}","templated":true}]}}