{"id":89813,"date":"2019-06-13T17:06:34","date_gmt":"2019-06-13T15:06:34","guid":{"rendered":"https:\/\/zjarr.tv\/?p=89813"},"modified":"2019-06-13T17:06:34","modified_gmt":"2019-06-13T15:06:34","slug":"arrestohen-7-shqiptare-dhe-shefi-turk-ja-perse-u-ndaluan-ne-elbasan","status":"publish","type":"post","link":"https:\/\/zjarr.tv\/sq\/arrestohen-7-shqiptare-dhe-shefi-turk-ja-perse-u-ndaluan-ne-elbasan\/","title":{"rendered":"Arrestohen 7 shqiptar\u00eb dhe shefi turk, ja perse u ndaluan n\u00eb Elbasan"},"content":{"rendered":"<p>Tet\u00eb persona midis t\u00eb cil\u00ebve 7 shqiptar\u00eb dhe shefi i tyre turk jan\u00eb arrestuar dit\u00ebn e sotme n\u00eb Elbasan, n\u00eb baz\u00eb t\u00eb nj\u00eb operacioni policor q\u00eb kishte si q\u00ebllim goditjen e transportit t\u00eb klandestin\u00ebve n\u00eb vendet e BE.<\/p>\n<p>Sipas policis\u00eb, kreu i grupit ishte nj\u00eb shtetas turk<\/p>\n<p>Grupi sipas policis\u00eb vepronte n\u00eb kufirin e e gjelb\u00ebr Greqi-Shqip\u00ebri dhe Shqip\u00ebri-Mali i Zi dhe merrej kryesisht p\u00ebr kalimin e klandestin\u00ebve q\u00eb vinin nga Siria, Turqia dhe Iraku p\u00ebr n\u00eb vendet e Bashkimit Europian.<\/p>\n<p>&nbsp;<\/p>\n","protected":false},"excerpt":{"rendered":"<p>Tet\u00eb persona midis t\u00eb cil\u00ebve 7 shqiptar\u00eb dhe shefi i tyre turk jan\u00eb arrestuar dit\u00ebn e sotme n\u00eb Elbasan, n\u00eb baz\u00eb t\u00eb nj\u00eb operacioni policor q\u00eb kishte si q\u00ebllim goditjen e transportit t\u00eb klandestin\u00ebve n\u00eb vendet e BE. Sipas policis\u00eb, kreu i grupit ishte nj\u00eb shtetas turk Grupi sipas policis\u00eb vepronte n\u00eb kufirin e e [&hellip;]<\/p>\n","protected":false},"author":2013,"featured_media":0,"comment_status":"open","ping_status":"closed","sticky":false,"template":"","format":"standard","meta":{"footnotes":""},"categories":[241,235],"tags":[],"class_list":{"0":"post-89813","1":"post","2":"type-post","3":"status-publish","4":"format-standard","6":"category-aktualitet","7":"category-vendi"},"_links":{"self":[{"href":"https:\/\/zjarr.tv\/sq\/wp-json\/wp\/v2\/posts\/89813","targetHints":{"allow":["GET"]}}],"collection":[{"href":"https:\/\/zjarr.tv\/sq\/wp-json\/wp\/v2\/posts"}],"about":[{"href":"https:\/\/zjarr.tv\/sq\/wp-json\/wp\/v2\/types\/post"}],"author":[{"embeddable":true,"href":"https:\/\/zjarr.tv\/sq\/wp-json\/wp\/v2\/users\/2013"}],"replies":[{"embeddable":true,"href":"https:\/\/zjarr.tv\/sq\/wp-json\/wp\/v2\/comments?post=89813"}],"version-history":[{"count":0,"href":"https:\/\/zjarr.tv\/sq\/wp-json\/wp\/v2\/posts\/89813\/revisions"}],"wp:attachment":[{"href":"https:\/\/zjarr.tv\/sq\/wp-json\/wp\/v2\/media?parent=89813"}],"wp:term":[{"taxonomy":"category","embeddable":true,"href":"https:\/\/zjarr.tv\/sq\/wp-json\/wp\/v2\/categories?post=89813"},{"taxonomy":"post_tag","embeddable":true,"href":"https:\/\/zjarr.tv\/sq\/wp-json\/wp\/v2\/tags?post=89813"}],"curies":[{"name":"wp","href":"https:\/\/api.w.org\/{rel}","templated":true}]}}