{"id":89815,"date":"2019-06-13T17:10:02","date_gmt":"2019-06-13T15:10:02","guid":{"rendered":"https:\/\/zjarr.tv\/?p=89815"},"modified":"2019-06-13T17:10:02","modified_gmt":"2019-06-13T15:10:02","slug":"rama-bleu-sot-opoziten-e-re-nard-ndoka-meta-te-shperndaje-pa-vonese-parlamentin","status":"publish","type":"post","link":"https:\/\/zjarr.tv\/sq\/rama-bleu-sot-opoziten-e-re-nard-ndoka-meta-te-shperndaje-pa-vonese-parlamentin\/","title":{"rendered":"\u2018Rama bleu sot Opozit\u00ebn e Re\u2019\/ Nard Ndoka: \u2018Meta t\u00eb shp\u00ebrndaj\u00eb pa vones\u00eb Parlamentin\u2019"},"content":{"rendered":"<p>Kreu i PDK-s\u00eb, Nard Ndoka n\u00eb nj\u00eb bised\u00eb televizive p\u00ebr Report Tv tha se Presidenti Meta nuk duhet t\u00eb vonohet n\u00eb shp\u00ebrndarjen e Parlamentit, pasi ky parlament sipas tij ka reshtur s\u00eb funksionuari sa koh\u00eb nuk i ka numrat q\u00eb t\u00eb ekzistoj\u00eb<\/p>\n<p>&#8220;Me mosveprimin e tij, Presidenti bie ndesh me Kushtetut\u00ebn, duhet t\u00eb shp\u00ebrndaj\u00eb parlamentin. Nuk \u00ebsht\u00eb kjo pjes\u00eb e axhend\u00ebs ton\u00eb, pasi p\u00ebr ne \u00ebsht\u00eb i jasht\u00ebligjsh\u00ebm ai parlament. P\u00ebr zyr\u00ebn juridike t\u00eb Presidentit, besoj q\u00eb n\u00eb momentin e duhur do t\u00eb shprehet edhe nj\u00eb lidhje me Kuvendin. Ekziston mund\u00ebsia ta shp\u00ebrndaj\u00eb, n\u00ebse nuk e b\u00ebn do t\u00eb jet\u00eb nj\u00eb gaf\u00eb e madhe. Ai e ka p\u00ebr detyr\u00eb, kur nj\u00eb parlament nuk ka 140 deputet\u00eb, Presidenti me nj\u00eb dekret duhet ta shp\u00ebrndaj\u00eb. Meta \u00ebsht\u00eb politikan karriere, nuk \u00ebsht\u00eb frikacak q\u00eb fshihet pas procedura. Dekreti p\u00ebr shp\u00ebrndarjen duhet ta b\u00ebnte n\u00eb afatet Kushtetuese q\u00eb ti jap\u00eb mund\u00ebsi edhe klas\u00ebs politike q\u00eb t\u00eb reflektoj\u00eb. Duke e njohur axhend\u00ebn e tij politike n\u00eb lidhje me parlamentin e pres&#8221; tha ai.<\/p>\n<p>Pas votimit t\u00eb rezolut\u00ebs n\u00eb Parlament me 100 vota, Ndoka tha se opozita e re q\u00eb bashkoi votat me PS-n\u00eb n\u00eb Kuvend \u00ebsht\u00eb e bler\u00eb nga Rama.<\/p>\n<p>&#8220;Votimi \u00ebsht\u00eb demaskim i vetvetes, nj\u00eb opozit\u00eb e sajuar nga Rama, numra t\u00eb bler\u00eb. Me ato numra q\u00eb ka bler\u00eb Rama i ka p\u00ebr nj\u00eb dit\u00eb t\u00eb keqe edhe p\u00ebr k\u00ebto raste. Asnj\u00eb lloj procedure nuk ka asnj\u00eb lloj r\u00ebnd\u00ebsie, ai \u00ebsht\u00eb Kuvend nul, anti kushtetues. Presidenti do t\u00eb marr\u00eb nj\u00eb hap p\u00ebrtej asaj edhe n\u00eb lidhje me parlamentin. Kryetari ka 100 deputet\u00eb n\u00eb resht&#8221; tha ai.<\/p>\n<p>M\u00eb pas, Ndoka tregoi \u00e7far\u00eb bisedoi me kreun e shtetit p\u00ebr konsultimet p\u00ebr dat\u00ebn e re t\u00eb zgjedhjeve lokale, pasi anuloi 30 Qershorin.<\/p>\n<p>&#8216;Diskutuam p\u00ebr dekretin dhe problematik\u00ebn politike. I p\u00ebrcoll\u00ebm falenderimet tona n\u00eb em\u00ebr t\u00eb pes\u00eb partive, e vler\u00ebsojm\u00eb gatishm\u00ebrin\u00eb. N\u00eb nj\u00eb far\u00eb m\u00ebnyr\u00eb ishte k\u00ebrkesa jon\u00eb. Nuk besoj se \u00ebsht\u00eb ndikuar drejtp\u00ebrdrejt nga k\u00ebrkesa jon\u00eb, por ishte nj\u00eb argument m\u00eb tep\u00ebr. Ai k\u00ebrkoi edhe mendimin ton\u00eb si e gjykojm\u00eb daljen nga kjo spirale, dhe dat\u00ebn e zgjedhjeve. P\u00ebrsa i p\u00ebrket zgjedhjeve ishte i shqet\u00ebsuar p\u00ebr nj\u00eb dat\u00eb p\u00ebr zgjedhjet, na k\u00ebrkoi mendimin. Shfaqi disa pak\u00ebnaq\u00ebsi n\u00eb lidhje me opozit\u00ebn, na p\u00ebrmendi edhe djegien e mandateve&#8221; tha Ndoka.<\/p>\n<p>&nbsp;<\/p>\n<p>&nbsp;<\/p>\n","protected":false},"excerpt":{"rendered":"<p>Kreu i PDK-s\u00eb, Nard Ndoka n\u00eb nj\u00eb bised\u00eb televizive p\u00ebr Report Tv tha se Presidenti Meta nuk duhet t\u00eb vonohet n\u00eb shp\u00ebrndarjen e Parlamentit, pasi ky parlament sipas tij ka reshtur s\u00eb funksionuari sa koh\u00eb nuk i ka numrat q\u00eb t\u00eb ekzistoj\u00eb &#8220;Me mosveprimin e tij, Presidenti bie ndesh me Kushtetut\u00ebn, duhet t\u00eb shp\u00ebrndaj\u00eb parlamentin. [&hellip;]<\/p>\n","protected":false},"author":2013,"featured_media":42924,"comment_status":"open","ping_status":"closed","sticky":false,"template":"","format":"standard","meta":{"footnotes":""},"categories":[241,235],"tags":[],"class_list":{"0":"post-89815","1":"post","2":"type-post","3":"status-publish","4":"format-standard","5":"has-post-thumbnail","7":"category-aktualitet","8":"category-vendi"},"_links":{"self":[{"href":"https:\/\/zjarr.tv\/sq\/wp-json\/wp\/v2\/posts\/89815","targetHints":{"allow":["GET"]}}],"collection":[{"href":"https:\/\/zjarr.tv\/sq\/wp-json\/wp\/v2\/posts"}],"about":[{"href":"https:\/\/zjarr.tv\/sq\/wp-json\/wp\/v2\/types\/post"}],"author":[{"embeddable":true,"href":"https:\/\/zjarr.tv\/sq\/wp-json\/wp\/v2\/users\/2013"}],"replies":[{"embeddable":true,"href":"https:\/\/zjarr.tv\/sq\/wp-json\/wp\/v2\/comments?post=89815"}],"version-history":[{"count":0,"href":"https:\/\/zjarr.tv\/sq\/wp-json\/wp\/v2\/posts\/89815\/revisions"}],"wp:featuredmedia":[{"embeddable":true,"href":"https:\/\/zjarr.tv\/sq\/wp-json\/wp\/v2\/media\/42924"}],"wp:attachment":[{"href":"https:\/\/zjarr.tv\/sq\/wp-json\/wp\/v2\/media?parent=89815"}],"wp:term":[{"taxonomy":"category","embeddable":true,"href":"https:\/\/zjarr.tv\/sq\/wp-json\/wp\/v2\/categories?post=89815"},{"taxonomy":"post_tag","embeddable":true,"href":"https:\/\/zjarr.tv\/sq\/wp-json\/wp\/v2\/tags?post=89815"}],"curies":[{"name":"wp","href":"https:\/\/api.w.org\/{rel}","templated":true}]}}