{"id":90139,"date":"2019-06-15T12:11:24","date_gmt":"2019-06-15T10:11:24","guid":{"rendered":"https:\/\/zjarr.tv\/?p=90139"},"modified":"2019-06-15T12:11:24","modified_gmt":"2019-06-15T10:11:24","slug":"salianji-rama-mbyllet-ne-lokal-nga-frika-e-qytetareve-ne-devoll","status":"publish","type":"post","link":"https:\/\/zjarr.tv\/sq\/salianji-rama-mbyllet-ne-lokal-nga-frika-e-qytetareve-ne-devoll\/","title":{"rendered":"Salianji: Rama mbyllet n\u00eb lokal nga frika e qytetar\u00ebve n\u00eb Devoll"},"content":{"rendered":"<p>Ish-deputeti demokrat Ervin Salianji thot\u00eb se kryeministri Edi Rama ka anuluar takimin n\u00eb Devoll duke e b\u00ebr\u00eb n\u00eb nj\u00eb lokal, p\u00ebr shkak t\u00eb frik\u00ebs nga p\u00ebrballja me qytetar\u00ebt.<\/p>\n<p>Salianji nxjerr k\u00ebrkes\u00ebn p\u00ebr leje t\u00eb kryetarit t\u00eb PS drejtuar Bashkis\u00eb s\u00eb Devollit t\u00eb b\u00ebr\u00eb nj\u00eb dit\u00eb m\u00eb par\u00eb dhe m\u00eb pas njoftimin e sot\u00ebm q\u00eb tubimi do b\u00ebhet n\u00eb lokal.<\/p>\n<p>Ish-deputeti i qarkut Kor\u00e7\u00eb shkruan se p\u00ebr taksapaguesit shqiptar\u00eb Rama nuk gjendet n\u00eb ecje apo takime m\u00eb qytetar\u00eb!<\/p>\n<p><strong>POSTIMI I SALIANJIT<\/strong><\/p>\n<p>Rama anulon takimin n\u00eb Devoll, fshihet tek \u201cPrincesha\u201d.<br \/>\nNj\u00eb dit\u00eb m\u00eb par\u00eb kryetari i PS i k\u00ebrkon Bashkis\u00eb s\u00eb Devollit leje p\u00ebr t\u00eb tubuar n\u00eb sheshin para Bashkis\u00eb. (Foto 1.)<br \/>\nPasi marrin dijeni q\u00eb protesta qyetare s\u2019do lejoj\u00eb asnj\u00eb tubim fars\u00eb, b\u00ebjn\u00eb njoftime p\u00ebr t\u2019u futur n\u00ebp\u00ebr lokale periferie. (Foto 2)<br \/>\nTakimet e Ram\u00ebs jan\u00eb si koncerte me bilet\u00eb ku ftohen vet\u00ebm servil\u00ebt e Rilindjes!<br \/>\nP\u00ebr taksapaguesit shqiptar\u00eb ai nuk gjendet n\u00eb ecje apo takime m\u00eb qytetar\u00eb!<br \/>\nSot n\u00eb Devoll, qindra qytetar\u00eb t\u00eb organizuar nga \u201cAleanca qytetare p\u00ebr mbrojtjen e demokracis\u00eb\u201d do t\u00eb ishin n\u00eb takimet qe Rama i mban t\u00eb fshehta. P\u00ebr k\u00ebt\u00eb kan\u00eb b\u00ebr\u00eb gjith\u00e7ka t\u00eb informohen spiun\u00ebt e Rilindjes.<br \/>\nSapo u informuan p\u00ebr revolt\u00ebn qytetare, Rama e anulloi takimin dhe e kryen at\u00eb i mbyllur n\u00eb qebabtore \u201cPrincesha\u201d.<\/p>\n","protected":false},"excerpt":{"rendered":"<p>Ish-deputeti demokrat Ervin Salianji thot\u00eb se kryeministri Edi Rama ka anuluar takimin n\u00eb Devoll duke e b\u00ebr\u00eb n\u00eb nj\u00eb lokal, p\u00ebr shkak t\u00eb frik\u00ebs nga p\u00ebrballja me qytetar\u00ebt. Salianji nxjerr k\u00ebrkes\u00ebn p\u00ebr leje t\u00eb kryetarit t\u00eb PS drejtuar Bashkis\u00eb s\u00eb Devollit t\u00eb b\u00ebr\u00eb nj\u00eb dit\u00eb m\u00eb par\u00eb dhe m\u00eb pas njoftimin e sot\u00ebm q\u00eb tubimi [&hellip;]<\/p>\n","protected":false},"author":4,"featured_media":52648,"comment_status":"open","ping_status":"closed","sticky":false,"template":"","format":"standard","meta":{"footnotes":""},"categories":[241,231,235],"tags":[],"class_list":{"0":"post-90139","1":"post","2":"type-post","3":"status-publish","4":"format-standard","5":"has-post-thumbnail","7":"category-aktualitet","8":"category-lajme","9":"category-vendi"},"_links":{"self":[{"href":"https:\/\/zjarr.tv\/sq\/wp-json\/wp\/v2\/posts\/90139","targetHints":{"allow":["GET"]}}],"collection":[{"href":"https:\/\/zjarr.tv\/sq\/wp-json\/wp\/v2\/posts"}],"about":[{"href":"https:\/\/zjarr.tv\/sq\/wp-json\/wp\/v2\/types\/post"}],"author":[{"embeddable":true,"href":"https:\/\/zjarr.tv\/sq\/wp-json\/wp\/v2\/users\/4"}],"replies":[{"embeddable":true,"href":"https:\/\/zjarr.tv\/sq\/wp-json\/wp\/v2\/comments?post=90139"}],"version-history":[{"count":0,"href":"https:\/\/zjarr.tv\/sq\/wp-json\/wp\/v2\/posts\/90139\/revisions"}],"wp:featuredmedia":[{"embeddable":true,"href":"https:\/\/zjarr.tv\/sq\/wp-json\/wp\/v2\/media\/52648"}],"wp:attachment":[{"href":"https:\/\/zjarr.tv\/sq\/wp-json\/wp\/v2\/media?parent=90139"}],"wp:term":[{"taxonomy":"category","embeddable":true,"href":"https:\/\/zjarr.tv\/sq\/wp-json\/wp\/v2\/categories?post=90139"},{"taxonomy":"post_tag","embeddable":true,"href":"https:\/\/zjarr.tv\/sq\/wp-json\/wp\/v2\/tags?post=90139"}],"curies":[{"name":"wp","href":"https:\/\/api.w.org\/{rel}","templated":true}]}}