{"id":90146,"date":"2019-06-15T12:49:31","date_gmt":"2019-06-15T10:49:31","guid":{"rendered":"https:\/\/zjarr.tv\/?p=90146"},"modified":"2019-06-15T12:49:31","modified_gmt":"2019-06-15T10:49:31","slug":"nderron-jete-badigardi-i-rames-mb-ja-pergenjeshtron-berishen","status":"publish","type":"post","link":"https:\/\/zjarr.tv\/sq\/nderron-jete-badigardi-i-rames-mb-ja-pergenjeshtron-berishen\/","title":{"rendered":"Nd\u00ebrron jet\u00eb badigardi i Ram\u00ebs? MB-ja p\u00ebrg\u00ebnjeshtron Berish\u00ebn"},"content":{"rendered":"<p>Pas publikimit t\u00eb lajmit nga ish-kryeministri Sali Berisha se nga aksidentimi i eskort\u00ebs s\u00eb kryeministrit Edi Rama n\u00eb Librazhd ka nd\u00ebrruar jet\u00eb nj\u00eb badigard dhe nj\u00eb tjet\u00ebr ka mbetur i plagosur, ka reaguar edhe Ministria e Brendshme.<\/p>\n<p>Sipas Ministris\u00eb s\u00eb Brendshme, lajmi i publikuar nga ish-kryeministri nuk \u00ebsht\u00eb i v\u00ebrtet\u00eb, nd\u00ebrsa shton se nuk ka asnj\u00eb problem p\u00ebr jet\u00ebn e truprojave\u00a0 t\u00eb kryeministrit.<\/p>\n<p><strong>Reagim i Ministris\u00eb s\u00eb Brendshme:<\/strong><\/p>\n<p>Ministria e Brendshme nuk angazhohet n\u00eb p\u00ebrg\u00ebnjeshtrimin publik t\u00eb insinuatave apo lajmeve t\u00eb rreme q\u00eb publikohen n\u00ebp\u00ebr rrjetet sociale.<\/p>\n<p>Por kur media t\u00eb caktuara, q\u00eb pretendojn\u00eb seriozitet dhe p\u00ebrgjegjshm\u00ebri publike, b\u00ebhen z\u00ebdh\u00ebn\u00ebs t\u00eb tyre, Ministria e Brendshme e quan me dobi publike reagimin.<\/p>\n<p>MB hedh posht\u00eb me neveri insinuat\u00ebn e turpshme t\u00eb publikuar sot n\u00eb disa media p\u00ebr kinse humbje jete apo plagosje t\u00eb truprojeve t\u00eb Kryeministrit gjat\u00eb provokimeve nga disa protestues t\u00eb Partis\u00eb Demokratike n\u00eb Librazhd, m\u00eb dat\u00eb 13.06.2019.<\/p>\n<p>Nuk ka pasur kurrfar\u00eb problemi p\u00ebr jet\u00ebn dhe sh\u00ebndetin e truprojeve t\u00eb Kryeministrit gjat\u00eb veprimtaris\u00eb s\u00eb zhvilluar n\u00eb Librazhd, apo n\u00eb qarqet e tjera t\u00eb vendit gjat\u00eb k\u00ebtyre dit\u00ebve.<\/p>\n<p>Ministria e Brendshme fton median e p\u00ebrgjegjshme dhe opinionin publik q\u00eb t\u00eb jen\u00eb shum\u00eb t\u00eb kujdessh\u00ebm me insinuata t\u00eb k\u00ebsaj natyre halu\u00e7inante, t\u00eb cilat kan\u00eb shpesh her\u00eb t\u00eb nj\u00ebjtin burim dezinformimi dhe q\u00eb synojn\u00eb vet\u00ebm nj\u00eb gj\u00eb: krijimin e nj\u00eb klime pasigurie dhe paqart\u00ebsie n\u00eb vend.<\/p>\n<p>MB i kujton opinionit publik se nga i nj\u00ebjti burim, q\u00eb ka publikuar s\u00eb pari insinuat\u00ebn e sotme, vet\u00ebm p\u00ebrpara pak dit\u00ebsh, u p\u00ebrhap\u00ebn trillime monstruoze q\u00eb synonin t\u00eb kompromentonin Policin\u00eb e Shtetit dhe t\u2019i ngarkonin asaj paturp\u00ebsisht p\u00ebrgjegj\u00ebsin\u00eb p\u00ebr goditjen e dy protestuesve gjat\u00eb protest\u00ebs s\u00eb dat\u00ebs 2 qershor 2019, t\u00eb cilat, si\u00e7 u provua bot\u00ebrisht, kishin ardhur nga protestues t\u00eb tjer\u00eb.<\/p>\n<p>MB fton mediat q\u00eb kan\u00eb publikuar k\u00ebt\u00eb insinuat\u00eb kaq flagrante dhe n\u00eb shp\u00ebrfillje t\u00eb plot\u00eb t\u00eb parimeve profesionale t\u00eb gazetaris\u00eb q\u00eb t\u00eb distancohen nga praktika t\u00eb tilla, q\u00eb t\u00eb p\u00ebrg\u00ebnjeshtrojn\u00eb njoftimin e dh\u00ebn\u00eb dhe t\u00eb marrin masa q\u00eb n\u00eb t\u00eb ardhmen t\u00eb mos ndodhin m\u00eb raste t\u00eb ngjashme dezinformimi.<\/p>\n<ul class=\"inside_related_posts\">\n<li><\/li>\n<\/ul>\n","protected":false},"excerpt":{"rendered":"<p>Pas publikimit t\u00eb lajmit nga ish-kryeministri Sali Berisha se nga aksidentimi i eskort\u00ebs s\u00eb kryeministrit Edi Rama n\u00eb Librazhd ka nd\u00ebrruar jet\u00eb nj\u00eb badigard dhe nj\u00eb tjet\u00ebr ka mbetur i plagosur, ka reaguar edhe Ministria e Brendshme. Sipas Ministris\u00eb s\u00eb Brendshme, lajmi i publikuar nga ish-kryeministri nuk \u00ebsht\u00eb i v\u00ebrtet\u00eb, nd\u00ebrsa shton se nuk ka [&hellip;]<\/p>\n","protected":false},"author":4,"featured_media":90147,"comment_status":"open","ping_status":"closed","sticky":false,"template":"","format":"standard","meta":{"footnotes":""},"categories":[241,231,235],"tags":[],"class_list":{"0":"post-90146","1":"post","2":"type-post","3":"status-publish","4":"format-standard","5":"has-post-thumbnail","7":"category-aktualitet","8":"category-lajme","9":"category-vendi"},"_links":{"self":[{"href":"https:\/\/zjarr.tv\/sq\/wp-json\/wp\/v2\/posts\/90146","targetHints":{"allow":["GET"]}}],"collection":[{"href":"https:\/\/zjarr.tv\/sq\/wp-json\/wp\/v2\/posts"}],"about":[{"href":"https:\/\/zjarr.tv\/sq\/wp-json\/wp\/v2\/types\/post"}],"author":[{"embeddable":true,"href":"https:\/\/zjarr.tv\/sq\/wp-json\/wp\/v2\/users\/4"}],"replies":[{"embeddable":true,"href":"https:\/\/zjarr.tv\/sq\/wp-json\/wp\/v2\/comments?post=90146"}],"version-history":[{"count":0,"href":"https:\/\/zjarr.tv\/sq\/wp-json\/wp\/v2\/posts\/90146\/revisions"}],"wp:featuredmedia":[{"embeddable":true,"href":"https:\/\/zjarr.tv\/sq\/wp-json\/wp\/v2\/media\/90147"}],"wp:attachment":[{"href":"https:\/\/zjarr.tv\/sq\/wp-json\/wp\/v2\/media?parent=90146"}],"wp:term":[{"taxonomy":"category","embeddable":true,"href":"https:\/\/zjarr.tv\/sq\/wp-json\/wp\/v2\/categories?post=90146"},{"taxonomy":"post_tag","embeddable":true,"href":"https:\/\/zjarr.tv\/sq\/wp-json\/wp\/v2\/tags?post=90146"}],"curies":[{"name":"wp","href":"https:\/\/api.w.org\/{rel}","templated":true}]}}