{"id":90149,"date":"2019-06-15T12:50:56","date_gmt":"2019-06-15T10:50:56","guid":{"rendered":"https:\/\/zjarr.tv\/?p=90149"},"modified":"2019-06-15T12:50:56","modified_gmt":"2019-06-15T10:50:56","slug":"do-shperndaje-parlamentin-balla-metes-i-ka-hyre-vetja-ne-qejf","status":"publish","type":"post","link":"https:\/\/zjarr.tv\/sq\/do-shperndaje-parlamentin-balla-metes-i-ka-hyre-vetja-ne-qejf\/","title":{"rendered":"Do shp\u00ebrndaj\u00eb Parlamentin? Balla: Met\u00ebs i ka hyr\u00eb vetja n\u00eb qejf"},"content":{"rendered":"<p>Kreu i grupit parlamentar t\u00eb Partis\u00eb Socialiste, Taulant Balla thot\u00eb se zgjedhjet do t\u00eb mbahen m\u00eb 30 qershor, si dhe shigjeton Presidentin Ilir Meta, p\u00ebr t\u00eb cilin thot\u00eb se i ka hyr\u00eb vetja n\u00eb qejf.<\/p>\n<p>Gjat\u00eb nj\u00eb takimi elektoral n\u00eb Elbasan, ai deklaroi se \u201cEdhe pse Presidenti i Republik\u00ebs u p\u00ebrpoq t\u00eb hynte n\u00eb loj\u00eb p\u00ebr t\u00eb mb\u00ebshtetur sado pak t\u00eb shoqen dhe shokun e t\u00eb shoqes, Lulin, zgjedhjet do t\u00eb b\u00ebhen sepse zgjedhjet nuk i caktojn\u00eb partit\u00eb. Partit\u00eb i th\u00ebrret populli nj\u00eb her\u00eb n\u00eb kat\u00ebr vjet p\u00ebr pushtetin vendor, nj\u00eb her\u00eb n\u00eb kat\u00ebr vjet p\u00ebr pushtetin qendror, n\u00eb provim\u201d.<\/p>\n<p>Balla komentoi edhe mund\u00ebsin\u00eb q\u00eb Presidenti t\u00eb shp\u00ebrndaj\u00eb Parlamentin, duke th\u00ebn\u00eb, shkodran\u00ebt kan\u00eb nj\u00eb shprehje, \u2018mos t\u00eb hyft\u00eb vetja n\u00eb qejf, ose t\u00eb hyft\u00eb vetja n\u00eb qejf se e sheh pastaj\u2019<\/p>\n<p>\u201cPresidentit, p\u00ebr fat t\u00eb keq i ka hy vetja n\u00eb qejf dhe ka hap haberin se gjoja do t\u00eb shp\u00ebrndaj\u00eb Parlamentin. Se \u00e7far\u00eb Kushtetute ka Presidenti, nuk e di, por kam frik\u00eb mos ka ngat\u00ebrruar Kushtetut\u00ebn me bllokun e zi\u201d, tha ai.<\/p>\n<p>Ky reagim i Ball\u00ebs vjen pas k\u00ebrkes\u00ebs s\u00eb Presidentit p\u00ebr Komisionin Qendror t\u00eb Zgjedhjeve lidhur me numrin e deputet\u00ebve q\u00eb ka aktualisht n\u00eb Parlament.<\/p>\n<p>Kjo pasi nga shterimi i listave t\u00eb opozit\u00ebs, pas kandidat\u00ebve q\u00eb pranuan mandatin e deputetit, jan\u00eb ende 18 vende t\u00eb lira.<\/p>\n<p>Nd\u00ebrkoh\u00eb l\u00ebvizja e kreut t\u00eb shtetit, vjen pasi opozita i ka k\u00ebrkuar Presidentit q\u00eb t\u00eb shp\u00ebrndaj\u00eb Parlamentin p\u00ebr shkak se \u00ebsht\u00eb ilegjitim dhe se nuk i ka 140 deputet\u00eb.<\/p>\n<p>Nd\u00ebrkoh\u00eb dit\u00ebn e premta, Meta tha se Presidenti \u00ebsht\u00eb zgjedhur nga parlamenti por \u201cnatyrisht jo nga ky, por nga nj\u00eb parlament legjitim\u201d.<\/p>\n<p>Gjith\u00e7ka si pasoj\u00eb e debatit t\u00eb krijuar, p\u00ebr shkak se kreu i shtetit anuloi zgjedhjet e 30 qershorit.<\/p>\n","protected":false},"excerpt":{"rendered":"<p>Kreu i grupit parlamentar t\u00eb Partis\u00eb Socialiste, Taulant Balla thot\u00eb se zgjedhjet do t\u00eb mbahen m\u00eb 30 qershor, si dhe shigjeton Presidentin Ilir Meta, p\u00ebr t\u00eb cilin thot\u00eb se i ka hyr\u00eb vetja n\u00eb qejf. Gjat\u00eb nj\u00eb takimi elektoral n\u00eb Elbasan, ai deklaroi se \u201cEdhe pse Presidenti i Republik\u00ebs u p\u00ebrpoq t\u00eb hynte n\u00eb loj\u00eb [&hellip;]<\/p>\n","protected":false},"author":4,"featured_media":90150,"comment_status":"open","ping_status":"closed","sticky":false,"template":"","format":"standard","meta":{"footnotes":""},"categories":[241,231,235],"tags":[],"class_list":{"0":"post-90149","1":"post","2":"type-post","3":"status-publish","4":"format-standard","5":"has-post-thumbnail","7":"category-aktualitet","8":"category-lajme","9":"category-vendi"},"_links":{"self":[{"href":"https:\/\/zjarr.tv\/sq\/wp-json\/wp\/v2\/posts\/90149","targetHints":{"allow":["GET"]}}],"collection":[{"href":"https:\/\/zjarr.tv\/sq\/wp-json\/wp\/v2\/posts"}],"about":[{"href":"https:\/\/zjarr.tv\/sq\/wp-json\/wp\/v2\/types\/post"}],"author":[{"embeddable":true,"href":"https:\/\/zjarr.tv\/sq\/wp-json\/wp\/v2\/users\/4"}],"replies":[{"embeddable":true,"href":"https:\/\/zjarr.tv\/sq\/wp-json\/wp\/v2\/comments?post=90149"}],"version-history":[{"count":0,"href":"https:\/\/zjarr.tv\/sq\/wp-json\/wp\/v2\/posts\/90149\/revisions"}],"wp:featuredmedia":[{"embeddable":true,"href":"https:\/\/zjarr.tv\/sq\/wp-json\/wp\/v2\/media\/90150"}],"wp:attachment":[{"href":"https:\/\/zjarr.tv\/sq\/wp-json\/wp\/v2\/media?parent=90149"}],"wp:term":[{"taxonomy":"category","embeddable":true,"href":"https:\/\/zjarr.tv\/sq\/wp-json\/wp\/v2\/categories?post=90149"},{"taxonomy":"post_tag","embeddable":true,"href":"https:\/\/zjarr.tv\/sq\/wp-json\/wp\/v2\/tags?post=90149"}],"curies":[{"name":"wp","href":"https:\/\/api.w.org\/{rel}","templated":true}]}}