{"id":90152,"date":"2019-06-15T13:19:49","date_gmt":"2019-06-15T11:19:49","guid":{"rendered":"https:\/\/zjarr.tv\/?p=90152"},"modified":"2019-06-15T13:19:49","modified_gmt":"2019-06-15T11:19:49","slug":"reuters-maqedonia-e-v-drejt-hapjes-se-negociatave-shqiperia-jo","status":"publish","type":"post","link":"https:\/\/zjarr.tv\/sq\/reuters-maqedonia-e-v-drejt-hapjes-se-negociatave-shqiperia-jo\/","title":{"rendered":"Reuters: Maqedonia e V. drejt hapjes s\u00eb negociatave, Shqip\u00ebria jo"},"content":{"rendered":"<p>Maqedonia e Veriut ka gjasa t\u00eb fitoj\u00eb mb\u00ebshtetjen e Bashkimit Evropian p\u00ebr t\u00eb nisur bisedimet p\u00ebr an\u00ebtar\u00ebsim m\u00eb von\u00eb gjat\u00eb k\u00ebtij viti, nd\u00ebrsa Shqip\u00ebria p\u00ebrballet me kund\u00ebrshtimin e Franc\u00ebs, Gjermanis\u00eb dhe Holand\u00ebs, shkruan agjencia e lajmeve Reuter n\u00eb artikullin e saj me titull: Maqedonia e Veriut n\u00eb rrug\u00ebn e hapjes s\u00eb negociatave, por jo Shqip\u00ebria.<\/p>\n<p>Pavar\u00ebsisht retorik\u00ebs s\u00eb Bashkimit Evbropian se blloku ka nevoj\u00eb t\u00eb pranoj\u00eb an\u00ebtar\u00eb t\u00eb rinj nga Ballkani Per\u00ebndimor p\u00ebr t\u00eb forcuar rrug\u00ebn evropiane dhe p\u00ebr t\u00eb m\u00ebnjanuar ndikimin rus dhe kinez, ndjenja anti-emigracion ka ngritur dyshimet n\u00eb disa vende veriore t\u00eb Bashkimit Evropian.<\/p>\n<p>T\u00eb mb\u00ebshtetur nga nj\u00eb num\u00ebr qeverish t\u00eb Bashkimit Evropian dhe nga Komisioni Evropian, Shqip\u00ebria dhe Maqedonia e Veriut kishin shpresuar se ministrat p\u00ebr Europ\u00ebn t\u00eb bllokut do t\u2019iu hapnin rrug\u00ebn bisedimeve gjat\u00eb nj\u00eb takimi jav\u00ebn tjet\u00ebr n\u00eb Luksemburg. Kjo do ti hapte rrug\u00ebn p\u00ebr aprovim nga lider\u00ebt e BE-s\u00eb n\u00eb samitin e Brukselit m\u00eb 20-21 qershor.<\/p>\n<p>Por asnj\u00eb vendi nuk do ti jepet drita jeshile, jan\u00eb shprehur diplomat\u00ebt dhe zyrtar\u00eb t\u00eb BE-s\u00eb p\u00ebr Reuters, edhe pse 13 vende t\u00eb BE-s\u00eb p\u00ebrfshir\u00eb Italin\u00eb, Polonin\u00eb dhe presidenti i K\u00ebshillit Evropian Donald Tusk dhe Komisioni kan\u00eb b\u00ebr\u00eb thirrje publikisht p\u00ebr nisjen e negociatave.<\/p>\n<p>Mund\u00ebsia e fundit \u00ebsht\u00eb arritja e nj\u00eb marr\u00ebveshjeje mes qeverive t\u00eb vendeve t\u00eb BE-s\u00eb n\u00eb Shtator, por vet\u00ebm p\u00ebr Maqedonin\u00eb e Veriut e cila gjithashtu pritet ti bashkohet NATO-s n\u00eb 2020.<\/p>\n<p>\u201cMaqedonia e Veriut ka nj\u00eb shans t\u00eb mir\u00eb p\u00ebr t\u00eb hapur negociatat duke marr\u00eb parasysh marr\u00ebveshjen historike p\u00ebr \u00e7\u00ebshtjen e emrit. Nd\u00ebrsa Shqip\u00ebria \u00ebsht\u00eb nj\u00eb problem i madh p\u00ebr disa qeveri. Nuk duket shum\u00eb premtuese\u201d-\u00ebsht\u00eb shprehur nj\u00eb zyrtar i lart\u00eb i BE-s\u00eb. E konsideruar si nj\u00eb nga vendet m\u00eb t\u00eb korruptuara t\u00eb Europ\u00ebs, sipas Transparency International, Shqip\u00ebria e cila tashm\u00eb \u00ebsht\u00eb an\u00ebtare e NATO-s, ka b\u00ebr\u00eb p\u00ebrparim t\u00eb kufizuar vet\u00ebm n\u00eb luft\u00ebn kund\u00ebr pastrimit t\u00eb parave, thon\u00eb zyrtar\u00ebt e BE dhe SHBA p\u00ebr Reuters, pavar\u00ebsisht largimit nga detyra t\u00eb disa gjykat\u00ebsve dhe prokuror\u00ebve t\u00eb korruptuar.<\/p>\n","protected":false},"excerpt":{"rendered":"<p>Maqedonia e Veriut ka gjasa t\u00eb fitoj\u00eb mb\u00ebshtetjen e Bashkimit Evropian p\u00ebr t\u00eb nisur bisedimet p\u00ebr an\u00ebtar\u00ebsim m\u00eb von\u00eb gjat\u00eb k\u00ebtij viti, nd\u00ebrsa Shqip\u00ebria p\u00ebrballet me kund\u00ebrshtimin e Franc\u00ebs, Gjermanis\u00eb dhe Holand\u00ebs, shkruan agjencia e lajmeve Reuter n\u00eb artikullin e saj me titull: Maqedonia e Veriut n\u00eb rrug\u00ebn e hapjes s\u00eb negociatave, por jo Shqip\u00ebria. [&hellip;]<\/p>\n","protected":false},"author":4,"featured_media":90153,"comment_status":"open","ping_status":"closed","sticky":false,"template":"","format":"standard","meta":{"footnotes":""},"categories":[241,231,235],"tags":[],"class_list":{"0":"post-90152","1":"post","2":"type-post","3":"status-publish","4":"format-standard","5":"has-post-thumbnail","7":"category-aktualitet","8":"category-lajme","9":"category-vendi"},"_links":{"self":[{"href":"https:\/\/zjarr.tv\/sq\/wp-json\/wp\/v2\/posts\/90152","targetHints":{"allow":["GET"]}}],"collection":[{"href":"https:\/\/zjarr.tv\/sq\/wp-json\/wp\/v2\/posts"}],"about":[{"href":"https:\/\/zjarr.tv\/sq\/wp-json\/wp\/v2\/types\/post"}],"author":[{"embeddable":true,"href":"https:\/\/zjarr.tv\/sq\/wp-json\/wp\/v2\/users\/4"}],"replies":[{"embeddable":true,"href":"https:\/\/zjarr.tv\/sq\/wp-json\/wp\/v2\/comments?post=90152"}],"version-history":[{"count":0,"href":"https:\/\/zjarr.tv\/sq\/wp-json\/wp\/v2\/posts\/90152\/revisions"}],"wp:featuredmedia":[{"embeddable":true,"href":"https:\/\/zjarr.tv\/sq\/wp-json\/wp\/v2\/media\/90153"}],"wp:attachment":[{"href":"https:\/\/zjarr.tv\/sq\/wp-json\/wp\/v2\/media?parent=90152"}],"wp:term":[{"taxonomy":"category","embeddable":true,"href":"https:\/\/zjarr.tv\/sq\/wp-json\/wp\/v2\/categories?post=90152"},{"taxonomy":"post_tag","embeddable":true,"href":"https:\/\/zjarr.tv\/sq\/wp-json\/wp\/v2\/tags?post=90152"}],"curies":[{"name":"wp","href":"https:\/\/api.w.org\/{rel}","templated":true}]}}