{"id":90156,"date":"2019-06-15T13:52:44","date_gmt":"2019-06-15T11:52:44","guid":{"rendered":"https:\/\/zjarr.tv\/?p=90156"},"modified":"2019-06-15T13:52:44","modified_gmt":"2019-06-15T11:52:44","slug":"vitia-e-kosoves-e-shpall-bujar-nishanin-qytetar-nderi","status":"publish","type":"post","link":"https:\/\/zjarr.tv\/sq\/vitia-e-kosoves-e-shpall-bujar-nishanin-qytetar-nderi\/","title":{"rendered":"Vitia e Kosov\u00ebs e shpall Bujar Nishanin, &#8216;Qytetar Nderi&#8217;"},"content":{"rendered":"<p>Ish-Presidenti i Shqip\u00ebris\u00eb, Bujar Nishani, \u00ebsht\u00eb nderuar me titullin \u201cQytetar nderi\u201d nga komuna Viti e Kosov\u00ebs. N\u00eb mesazhin e tij publikuar sot n\u00eb Fb, Nishani shpreh falenderimet e tij dhe mir\u00ebnjohjen p\u00ebr k\u00ebt\u00eb respekt:<\/p>\n<p>\u201cFalenderoj me mir\u00ebnjohje t\u00eb gjitha autoritetet p\u00ebrfaq\u00ebsuese t\u00eb komun\u00ebs Viti n\u00eb Kosov\u00eb p\u00ebr akordimin e titullit \u201cQytetar Nderi\u201d duke m\u00eb nderuar pa mas\u00eb.<br \/>\nP\u00ebrulem me respektin m\u00eb t\u00eb thell\u00eb ndaj qytetar\u00ebve t\u00eb Viti-s\u00eb p\u00ebr mikpritjen dhe miq\u00ebsin\u00eb e ofruar ve\u00e7an\u00ebrisht n\u00eb nj\u00eb dit\u00eb si\u00e7 ishte ajo e \u00e7lirimit t\u00eb k\u00ebsaj zone, e cila nderohet ve\u00e7 t\u00eb tjerash edhe p\u00ebr hapjen e t\u00eb par\u00ebs m\u00ebsonj\u00ebtore shqipe n\u00eb t\u00ebr\u00eb Kosov\u00ebn. Zoti e bekoft\u00eb Vitin\u00eb dhe t\u00eb gjith\u00eb Kosov\u00ebn!\u201d, p\u00ebrfundon Nishani.<\/p>\n<p>&nbsp;<\/p>\n","protected":false},"excerpt":{"rendered":"<p>Ish-Presidenti i Shqip\u00ebris\u00eb, Bujar Nishani, \u00ebsht\u00eb nderuar me titullin \u201cQytetar nderi\u201d nga komuna Viti e Kosov\u00ebs. N\u00eb mesazhin e tij publikuar sot n\u00eb Fb, Nishani shpreh falenderimet e tij dhe mir\u00ebnjohjen p\u00ebr k\u00ebt\u00eb respekt: \u201cFalenderoj me mir\u00ebnjohje t\u00eb gjitha autoritetet p\u00ebrfaq\u00ebsuese t\u00eb komun\u00ebs Viti n\u00eb Kosov\u00eb p\u00ebr akordimin e titullit \u201cQytetar Nderi\u201d duke m\u00eb nderuar [&hellip;]<\/p>\n","protected":false},"author":2013,"featured_media":90160,"comment_status":"open","ping_status":"closed","sticky":false,"template":"","format":"standard","meta":{"footnotes":""},"categories":[241,235],"tags":[],"class_list":{"0":"post-90156","1":"post","2":"type-post","3":"status-publish","4":"format-standard","5":"has-post-thumbnail","7":"category-aktualitet","8":"category-vendi"},"_links":{"self":[{"href":"https:\/\/zjarr.tv\/sq\/wp-json\/wp\/v2\/posts\/90156","targetHints":{"allow":["GET"]}}],"collection":[{"href":"https:\/\/zjarr.tv\/sq\/wp-json\/wp\/v2\/posts"}],"about":[{"href":"https:\/\/zjarr.tv\/sq\/wp-json\/wp\/v2\/types\/post"}],"author":[{"embeddable":true,"href":"https:\/\/zjarr.tv\/sq\/wp-json\/wp\/v2\/users\/2013"}],"replies":[{"embeddable":true,"href":"https:\/\/zjarr.tv\/sq\/wp-json\/wp\/v2\/comments?post=90156"}],"version-history":[{"count":0,"href":"https:\/\/zjarr.tv\/sq\/wp-json\/wp\/v2\/posts\/90156\/revisions"}],"wp:featuredmedia":[{"embeddable":true,"href":"https:\/\/zjarr.tv\/sq\/wp-json\/wp\/v2\/media\/90160"}],"wp:attachment":[{"href":"https:\/\/zjarr.tv\/sq\/wp-json\/wp\/v2\/media?parent=90156"}],"wp:term":[{"taxonomy":"category","embeddable":true,"href":"https:\/\/zjarr.tv\/sq\/wp-json\/wp\/v2\/categories?post=90156"},{"taxonomy":"post_tag","embeddable":true,"href":"https:\/\/zjarr.tv\/sq\/wp-json\/wp\/v2\/tags?post=90156"}],"curies":[{"name":"wp","href":"https:\/\/api.w.org\/{rel}","templated":true}]}}