{"id":90157,"date":"2019-06-15T13:33:16","date_gmt":"2019-06-15T11:33:16","guid":{"rendered":"https:\/\/zjarr.tv\/?p=90157"},"modified":"2019-06-15T13:33:16","modified_gmt":"2019-06-15T11:33:16","slug":"ps-ne-fushate-spiropali-besimin-te-njerezit-do-e-kthejme-me-pune","status":"publish","type":"post","link":"https:\/\/zjarr.tv\/sq\/ps-ne-fushate-spiropali-besimin-te-njerezit-do-e-kthejme-me-pune\/","title":{"rendered":"PS n\u00eb fushat\u00eb\/Spiropali: Besimin te njer\u00ebzit do e kthejm\u00eb me pun\u00eb"},"content":{"rendered":"<p>Maxhoranca vijon pun\u00ebn p\u00ebr fushat\u00ebn elektorale t\u00eb 30 qershorit. Ministrja p\u00ebr Marr\u00ebdh\u00ebnien me Parlamentin dhe nj\u00ebher\u00ebsh z\u00ebdh\u00ebn\u00ebsja e qeveris\u00eb, Elisa Spiropali ka zbritur n\u00eb terren p\u00ebr t\u2019u takuar me qytetar\u00ebt e Selenic\u00ebs, nd\u00ebrsa shoq\u00ebrohej nga kandidati i Kolonj\u00ebs, Erion Isai.<\/p>\n<p>Me nj\u00eb sh\u00ebnim n\u00eb \u201cFacebook\u201d, Spiropali thekson se besimi i qytetar\u00ebve do t\u00eb kthehet pas p\u00ebrmes pun\u00ebs.<\/p>\n<p>\u201c\ud83d\udccdSELENIC\u00cb- Nga takimet \ud83d\udeaa\u27a1\ud83d\udeaa bashk\u00eb me Erionin, m\u00ebsuam shum\u00eb nga urt\u00ebsia e banor\u00ebve t\u00eb k\u00ebsaj zone. \ud83d\ude0a Besimin e dh\u00ebn\u00eb do t\u2019ua kthejm\u00eb pas vet\u00ebm me #pun\u00eb.#PS \ud83c\udf39 #30\u201d-shkruan ajo, nd\u00ebrsa publokon foto nga momenti i takimit me banor\u00ebt e zon\u00ebs.<\/p>\n","protected":false},"excerpt":{"rendered":"<p>Maxhoranca vijon pun\u00ebn p\u00ebr fushat\u00ebn elektorale t\u00eb 30 qershorit. Ministrja p\u00ebr Marr\u00ebdh\u00ebnien me Parlamentin dhe nj\u00ebher\u00ebsh z\u00ebdh\u00ebn\u00ebsja e qeveris\u00eb, Elisa Spiropali ka zbritur n\u00eb terren p\u00ebr t\u2019u takuar me qytetar\u00ebt e Selenic\u00ebs, nd\u00ebrsa shoq\u00ebrohej nga kandidati i Kolonj\u00ebs, Erion Isai. Me nj\u00eb sh\u00ebnim n\u00eb \u201cFacebook\u201d, Spiropali thekson se besimi i qytetar\u00ebve do t\u00eb kthehet pas [&hellip;]<\/p>\n","protected":false},"author":4,"featured_media":90158,"comment_status":"open","ping_status":"closed","sticky":false,"template":"","format":"standard","meta":{"footnotes":""},"categories":[241,231,235],"tags":[],"class_list":{"0":"post-90157","1":"post","2":"type-post","3":"status-publish","4":"format-standard","5":"has-post-thumbnail","7":"category-aktualitet","8":"category-lajme","9":"category-vendi"},"_links":{"self":[{"href":"https:\/\/zjarr.tv\/sq\/wp-json\/wp\/v2\/posts\/90157","targetHints":{"allow":["GET"]}}],"collection":[{"href":"https:\/\/zjarr.tv\/sq\/wp-json\/wp\/v2\/posts"}],"about":[{"href":"https:\/\/zjarr.tv\/sq\/wp-json\/wp\/v2\/types\/post"}],"author":[{"embeddable":true,"href":"https:\/\/zjarr.tv\/sq\/wp-json\/wp\/v2\/users\/4"}],"replies":[{"embeddable":true,"href":"https:\/\/zjarr.tv\/sq\/wp-json\/wp\/v2\/comments?post=90157"}],"version-history":[{"count":0,"href":"https:\/\/zjarr.tv\/sq\/wp-json\/wp\/v2\/posts\/90157\/revisions"}],"wp:featuredmedia":[{"embeddable":true,"href":"https:\/\/zjarr.tv\/sq\/wp-json\/wp\/v2\/media\/90158"}],"wp:attachment":[{"href":"https:\/\/zjarr.tv\/sq\/wp-json\/wp\/v2\/media?parent=90157"}],"wp:term":[{"taxonomy":"category","embeddable":true,"href":"https:\/\/zjarr.tv\/sq\/wp-json\/wp\/v2\/categories?post=90157"},{"taxonomy":"post_tag","embeddable":true,"href":"https:\/\/zjarr.tv\/sq\/wp-json\/wp\/v2\/tags?post=90157"}],"curies":[{"name":"wp","href":"https:\/\/api.w.org\/{rel}","templated":true}]}}