{"id":90164,"date":"2019-06-15T13:56:51","date_gmt":"2019-06-15T11:56:51","guid":{"rendered":"https:\/\/zjarr.tv\/?p=90164"},"modified":"2019-06-15T13:56:51","modified_gmt":"2019-06-15T11:56:51","slug":"osbe-odihr-presidenti-ka-bere-perpjekje-per-gjetjen-e-dialogut-ps-nuk-njeh-dekretin","status":"publish","type":"post","link":"https:\/\/zjarr.tv\/sq\/osbe-odihr-presidenti-ka-bere-perpjekje-per-gjetjen-e-dialogut-ps-nuk-njeh-dekretin\/","title":{"rendered":"OSBE\/ODIHR: Presidenti ka b\u00ebr\u00eb p\u00ebrpjekje p\u00ebr gjetjen e dialogut. PS nuk njeh dekretin"},"content":{"rendered":"<p>Misioni i v\u00ebzhguesve nd\u00ebrkomb\u00ebtar\u00eb p\u00ebr zgjedhjet lokale ka publikuar sot raportin paraprak. P\u00ebr her\u00eb t\u00eb par\u00eb nj\u00eb raport nd\u00ebrkomb\u00ebtar ka paqart\u00ebsi p\u00ebr dat\u00ebn kur do t\u00eb mbahen zgjedhjet vendore q\u00eb ata po v\u00ebzhgojn\u00eb. Dokumenti nuk jep konkluzione p\u00ebr \u00e7far\u00eb po ndodh k\u00ebto dit\u00eb n\u00eb Tiran\u00eb dhe as nuk sugjeron se cila do jet\u00eb zgjidhja, por pasqyron ngjarjet q\u00eb v\u00ebzhguesit kan\u00eb par\u00eb n\u00eb Shqip\u00ebri.<\/p>\n<p>Q\u00eb n\u00eb nisje t\u00eb raportit vihet theksi t\u00eb bojkoti i opozit\u00ebs dhe situata e rrall\u00eb, para s\u00eb cil\u00ebs ndodhen institucionet. Lidhur me m\u00ebnyr\u00ebn sesi po administrohet procesi kur n\u00eb shumic\u00ebn e bashkive ka vet\u00ebm nj\u00eb kandidat\u00eb t\u00eb PS, raporti thot\u00eb qart\u00eb se Kodi Zgjedhor nuk e ka parashikuar zhvillimin e zgjedhjeve pa kund\u00ebrshtar\u00eb.<\/p>\n<p>N\u00eb raport p\u00ebrmendet dhe \u00e7\u00ebshtja e shtyrjes s\u00eb dat\u00ebs s\u00eb zgjedhjeve. OSBE shprehet se presidenti b\u00ebri p\u00ebrpjekje p\u00ebr gjetjen e dialogut duke dekretuar shtyrjen e dat\u00ebs s\u00eb zgjedhjeve. Nd\u00ebrkoh\u00eb q\u00eb thekson se Partia Socialiste nuk e njeh k\u00ebt\u00eb vendim.<\/p>\n<p>\u201cPresidenti Meta ka ofruar n\u00eb m\u00ebnyr\u00eb t\u00eb p\u00ebrs\u00ebritur t\u00eb leht\u00ebsoj\u00eb dialogun mes pal\u00ebve dhe n\u00eb fund t\u00eb muajit maj shprehu vullnetin p\u00ebr shtyrjen e zgjedhjeve. M\u00eb 10 qershor, duke iu referuar p\u00ebrgjegj\u00ebsis\u00eb s\u00eb tij kushtetuese p\u00ebr t\u00eb mbrojtur pluralizmin dhe shqet\u00ebsimeve p\u00ebr sigurin\u00eb publike, ai dekretoi shfuqizimin e dekretit p\u00ebr vendosjen e dat\u00ebs s\u00eb zgjedhjeve. M\u00eb 11 qershor, PS-ja inicioi nj\u00eb debat n\u00eb Parlament n\u00eb lidhje me vlefshm\u00ebrin\u00eb e dekretit p\u00ebr shfuqizimin e dekretit t\u00eb vendosjes s\u00eb dat\u00ebs s\u00eb zgjedhjeve dhe shkarkimin e mundsh\u00ebm t\u00eb Presidentit\u201d,- thuhet n\u00eb raportin e OSBE.<\/p>\n<p>Ajo q\u00eb bie n\u00eb sy \u00ebsht\u00eb se vendimi i kreut t\u00eb shtetit nga OSBE cil\u00ebsohet si dekret, nd\u00ebrkoh\u00eb q\u00eb PS-ja pretendon se presidenti nuk mund t\u00eb nxjerr dekret p\u00ebr anulimin.<\/p>\n<p>Raporti pasqyron me nota tejet negative situat\u00ebn e mediave n\u00eb Shqip\u00ebri. \u201cMjedisi mediatik \u00ebsht\u00eb i larmish\u00ebm dhe karakterizohet nga nj\u00eb num\u00ebr i lart\u00eb mediash q\u00eb operojn\u00eb n\u00eb nj\u00eb treg t\u00eb kufizuar reklamash. Shumica e bashk\u00ebbiseduesve t\u00eb MVZ-s\u00eb s\u00eb ODIHR-it kan\u00eb shprehur shqet\u00ebsimin se media t\u00eb m\u00ebdha u sh\u00ebrbejn\u00eb si platformave lobuese pronar\u00ebve t\u00eb tyre, duke v\u00ebn\u00eb k\u00ebshtu n\u00eb pik\u00ebpyetje pavar\u00ebsin\u00eb e tyre editoriale dhe duke imponuar autocensur\u00ebn. Televizioni mbetet burimi kryesor i informimit politik. Procesi i p\u00ebrfunduar s\u00eb fundmi i dixhitalizimit ka rezultuar n\u00eb kontrollin nga nj\u00eb familje t\u00eb tre prej pes\u00eb frekuencave televizive komb\u00ebtare private\u201d,- thuhet n\u00eb raport.<\/p>\n<p>&nbsp;<\/p>\n","protected":false},"excerpt":{"rendered":"<p>Misioni i v\u00ebzhguesve nd\u00ebrkomb\u00ebtar\u00eb p\u00ebr zgjedhjet lokale ka publikuar sot raportin paraprak. P\u00ebr her\u00eb t\u00eb par\u00eb nj\u00eb raport nd\u00ebrkomb\u00ebtar ka paqart\u00ebsi p\u00ebr dat\u00ebn kur do t\u00eb mbahen zgjedhjet vendore q\u00eb ata po v\u00ebzhgojn\u00eb. Dokumenti nuk jep konkluzione p\u00ebr \u00e7far\u00eb po ndodh k\u00ebto dit\u00eb n\u00eb Tiran\u00eb dhe as nuk sugjeron se cila do jet\u00eb zgjidhja, por [&hellip;]<\/p>\n","protected":false},"author":2013,"featured_media":74653,"comment_status":"open","ping_status":"closed","sticky":false,"template":"","format":"standard","meta":{"footnotes":""},"categories":[241,235],"tags":[],"class_list":{"0":"post-90164","1":"post","2":"type-post","3":"status-publish","4":"format-standard","5":"has-post-thumbnail","7":"category-aktualitet","8":"category-vendi"},"_links":{"self":[{"href":"https:\/\/zjarr.tv\/sq\/wp-json\/wp\/v2\/posts\/90164","targetHints":{"allow":["GET"]}}],"collection":[{"href":"https:\/\/zjarr.tv\/sq\/wp-json\/wp\/v2\/posts"}],"about":[{"href":"https:\/\/zjarr.tv\/sq\/wp-json\/wp\/v2\/types\/post"}],"author":[{"embeddable":true,"href":"https:\/\/zjarr.tv\/sq\/wp-json\/wp\/v2\/users\/2013"}],"replies":[{"embeddable":true,"href":"https:\/\/zjarr.tv\/sq\/wp-json\/wp\/v2\/comments?post=90164"}],"version-history":[{"count":0,"href":"https:\/\/zjarr.tv\/sq\/wp-json\/wp\/v2\/posts\/90164\/revisions"}],"wp:featuredmedia":[{"embeddable":true,"href":"https:\/\/zjarr.tv\/sq\/wp-json\/wp\/v2\/media\/74653"}],"wp:attachment":[{"href":"https:\/\/zjarr.tv\/sq\/wp-json\/wp\/v2\/media?parent=90164"}],"wp:term":[{"taxonomy":"category","embeddable":true,"href":"https:\/\/zjarr.tv\/sq\/wp-json\/wp\/v2\/categories?post=90164"},{"taxonomy":"post_tag","embeddable":true,"href":"https:\/\/zjarr.tv\/sq\/wp-json\/wp\/v2\/tags?post=90164"}],"curies":[{"name":"wp","href":"https:\/\/api.w.org\/{rel}","templated":true}]}}