{"id":90166,"date":"2019-06-15T14:01:42","date_gmt":"2019-06-15T12:01:42","guid":{"rendered":"https:\/\/zjarr.tv\/?p=90166"},"modified":"2019-06-15T14:01:42","modified_gmt":"2019-06-15T12:01:42","slug":"shqiperia-shteti-me-i-korruptuar-i-europes-godet-reuters-ne-shtator-celen-negociatat-vetem-per-maqedonine","status":"publish","type":"post","link":"https:\/\/zjarr.tv\/sq\/shqiperia-shteti-me-i-korruptuar-i-europes-godet-reuters-ne-shtator-celen-negociatat-vetem-per-maqedonine\/","title":{"rendered":"&#8216;Shqip\u00ebria shteti m\u00eb i korruptuar i Europ\u00ebs&#8217;, godet Reuters: N\u00eb shtator \u00e7elen negociatat vet\u00ebm p\u00ebr Maqedonin\u00eb"},"content":{"rendered":"<p>Kur na ndajn\u00eb dhe tre dit\u00eb nga dh\u00ebnia e vendimit final t\u00eb K\u00ebshillit t\u00eb Europ\u00ebs p\u00ebr negociatat me vendin ton\u00eb, tashm\u00eb \u00ebsht\u00eb e qart\u00eb se shanset q\u00eb ato t\u00eb \u00e7elen jan\u00eb zero.<\/p>\n<p>Pas nismave q\u00eb shum\u00eb vende kan\u00eb nd\u00ebrmarr\u00eb p\u00ebr t\u2019i th\u00ebn\u00eb jo Shqip\u00ebris\u00eb, prestigjozja Reuters,\u00a0ka shkruar se Shqip\u00ebria nuk ka shanse as n\u00eb muajin shtator, duke u shk\u00ebputur nga Maqedonia n\u00eb procesin integrues.<\/p>\n<p>\u201cShqip\u00ebria dhe Maqedonia e Veriut kishin shpresuar q\u00eb ministrat e Evrop\u00ebs do t\u2019i jepnin p\u00ebrparim bisedimeve r\u00eb an\u00ebtar\u00ebsimit n\u00eb nj\u00eb takim t\u00eb mart\u00ebn e ardhshme n\u00eb Luksemburg.<\/p>\n<p>Kjo do t\u00eb kishte hapur rrug\u00ebn p\u00ebr aprovim nga udh\u00ebheq\u00ebsit e BE n\u00eb nj\u00eb samit n\u00eb Bruksel m\u00eb 20-21 qershor.<\/p>\n<p>Por asnj\u00ebrit prej vendeve nuk do t\u2019i jepet drit\u00eb jeshile at\u00ebher\u00eb, than\u00eb diplomat\u00ebt dhe zyrtar\u00ebt e BE p\u00ebr Reuters, edhe pse 13 vende t\u00eb BE, duke p\u00ebrfshir\u00eb Italin\u00eb dhe Polonin\u00eb, Presidenti i K\u00ebshillit Europian Donald Tusk dhe Komisioni kan\u00eb b\u00ebr\u00eb publike thirrje p\u00ebr fillimin e negociatave zyrtare\u201d, shkruan Reuters.<\/p>\n<p>Edhe m\u00eb i keq \u00ebsht\u00eb skenari p\u00ebr Shqip\u00ebrin\u00eb, ku thuhet se ajo do t\u00eb ve\u00e7ohet nga Maqedonia n\u00eb rrug\u00ebn e saj,<\/p>\n<p>&nbsp;<\/p>\n<p>\u201cMaqedonia e Veriut ka nj\u00eb shans t\u00eb mir\u00eb (p\u00ebr bisedimet e an\u00ebtar\u00ebsimit n\u00eb BE), duke pasur parasysh zgjidhjen historike t\u00eb \u00e7\u00ebshtjes s\u00eb emrit t\u00eb saj\u201d, tha nj\u00eb zyrtar i lart\u00eb i BE duke iu referuar nj\u00eb mosmarr\u00ebveshjeje t\u00eb vjet\u00ebr me Greqin\u00eb q\u00eb bllokoi rrug\u00ebn e saj drejt BE dhe aleanc\u00ebs s\u00eb NATO-s.<\/p>\n<p>Ndryshimi i emrit nga Ish-Republika Jugosllave e Maqedonis\u00eb n\u00eb Republik\u00ebn e Maqedonis\u00eb Veriore ka gjasa t\u00eb bind\u00eb Parisin, Berlinin dhe Hag\u00ebn p\u00ebr t\u00eb mb\u00ebshtetur bisedimet e BE p\u00ebr k\u00ebt\u00eb vend,<\/p>\n<p>\u201cPor Shqip\u00ebria \u00ebsht\u00eb ende nj\u00eb \u00e7\u00ebshtje e madhe p\u00ebr disa qeveri. Nuk \u00ebsht\u00eb aspak premtuese situata\u201c, tha zyrtari.<\/p>\n<p>\u201dPerceptuar si nj\u00eb nga vendet m\u00eb t\u00eb korruptuara t\u00eb Europ\u00ebs, sipas Transparency International, Shqip\u00ebria \u2013 e cila tashm\u00eb \u00ebsht\u00eb an\u00ebtare e NATO-s \u2013 ka b\u00ebr\u00eb p\u00ebrparim t\u00eb kufizuar vet\u00ebm n\u00eb luft\u00ebn kund\u00ebr pastrimit t\u00eb parave\u201d,\u00a0thon\u00eb zyrtar\u00ebt e BE dhe SHBA, pavar\u00ebsisht nga procesi i Vetingut q\u00eb synon t\u00eb nxjerr\u00eb nga sistemi gjykat\u00ebsit dhe prokuror\u00ebt t\u00eb korruptuar.<\/p>\n<p>Reuters thekson se edhe n\u00ebse do t\u00eb jepet drita jeshile p\u00ebr \u00e7eljen e negociatave, bisedimet p\u00ebr an\u00ebtar\u00ebsim mund t\u00eb zgjasin edhe 10 vite, pa harruar faktin se p\u00ebr Shqip\u00ebrin\u00eb disa prej shteteve kan\u00eb k\u00ebrkuar rikthimin e regjimit t\u00eb vizave.<\/p>\n<p>\u201cBisedimet e an\u00ebtar\u00ebsimit n\u00eb BE, t\u00eb cilat zakonisht zgjasin deri n\u00eb nj\u00eb dekad\u00eb, jan\u00eb nj\u00eb proces de fakto reformash p\u00ebr t\u2019i sjell\u00eb kombet deri n\u00eb nivelet e BE.<\/p>\n<p>Megjithat\u00eb, m\u00eb 11 qershor, parlamenti holandez miratoi nj\u00eb mocion kund\u00ebr hapjes s\u00eb bisedimeve me Shqip\u00ebrin\u00eb, edhe pse nj\u00eb l\u00ebvizje e ngjashme p\u00ebr Maqedonin\u00eb e Veriut nuk u k\u00ebrkua.<\/p>\n<p>Qeveria gjermane k\u00ebrkon nj\u00eb drit\u00eb jeshile p\u00ebr Maqedonin\u00eb, por nuk ka asnj\u00eb marr\u00ebveshje p\u00ebr Shqip\u00ebrin\u00eb, t\u00eb cil\u00ebn qendra e djatht\u00eb n\u00eb koalicion e sheh si nj\u00eb shtet problematik. Sht\u00ebpia e ul\u00ebt e Bundestagut ka r\u00ebn\u00eb dakord t\u00eb shtyj\u00eb \u00e7do vendim deri n\u00eb shtator\u201d, citohet n\u00eb shkrimin e Reuters.<\/p>\n<p>&nbsp;<\/p>\n","protected":false},"excerpt":{"rendered":"<p>Kur na ndajn\u00eb dhe tre dit\u00eb nga dh\u00ebnia e vendimit final t\u00eb K\u00ebshillit t\u00eb Europ\u00ebs p\u00ebr negociatat me vendin ton\u00eb, tashm\u00eb \u00ebsht\u00eb e qart\u00eb se shanset q\u00eb ato t\u00eb \u00e7elen jan\u00eb zero. Pas nismave q\u00eb shum\u00eb vende kan\u00eb nd\u00ebrmarr\u00eb p\u00ebr t\u2019i th\u00ebn\u00eb jo Shqip\u00ebris\u00eb, prestigjozja Reuters,\u00a0ka shkruar se Shqip\u00ebria nuk ka shanse as n\u00eb muajin [&hellip;]<\/p>\n","protected":false},"author":2013,"featured_media":90167,"comment_status":"open","ping_status":"closed","sticky":false,"template":"","format":"standard","meta":{"footnotes":""},"categories":[241,235],"tags":[],"class_list":{"0":"post-90166","1":"post","2":"type-post","3":"status-publish","4":"format-standard","5":"has-post-thumbnail","7":"category-aktualitet","8":"category-vendi"},"_links":{"self":[{"href":"https:\/\/zjarr.tv\/sq\/wp-json\/wp\/v2\/posts\/90166","targetHints":{"allow":["GET"]}}],"collection":[{"href":"https:\/\/zjarr.tv\/sq\/wp-json\/wp\/v2\/posts"}],"about":[{"href":"https:\/\/zjarr.tv\/sq\/wp-json\/wp\/v2\/types\/post"}],"author":[{"embeddable":true,"href":"https:\/\/zjarr.tv\/sq\/wp-json\/wp\/v2\/users\/2013"}],"replies":[{"embeddable":true,"href":"https:\/\/zjarr.tv\/sq\/wp-json\/wp\/v2\/comments?post=90166"}],"version-history":[{"count":0,"href":"https:\/\/zjarr.tv\/sq\/wp-json\/wp\/v2\/posts\/90166\/revisions"}],"wp:featuredmedia":[{"embeddable":true,"href":"https:\/\/zjarr.tv\/sq\/wp-json\/wp\/v2\/media\/90167"}],"wp:attachment":[{"href":"https:\/\/zjarr.tv\/sq\/wp-json\/wp\/v2\/media?parent=90166"}],"wp:term":[{"taxonomy":"category","embeddable":true,"href":"https:\/\/zjarr.tv\/sq\/wp-json\/wp\/v2\/categories?post=90166"},{"taxonomy":"post_tag","embeddable":true,"href":"https:\/\/zjarr.tv\/sq\/wp-json\/wp\/v2\/tags?post=90166"}],"curies":[{"name":"wp","href":"https:\/\/api.w.org\/{rel}","templated":true}]}}