{"id":90169,"date":"2019-06-15T14:05:44","date_gmt":"2019-06-15T12:05:44","guid":{"rendered":"https:\/\/zjarr.tv\/?p=90169"},"modified":"2019-06-15T14:05:44","modified_gmt":"2019-06-15T12:05:44","slug":"vdekje-e-dyshimte-e-durrsakut-ne-burgun-e-dubraves-emri","status":"publish","type":"post","link":"https:\/\/zjarr.tv\/sq\/vdekje-e-dyshimte-e-durrsakut-ne-burgun-e-dubraves-emri\/","title":{"rendered":"Vdekje e dyshimt\u00eb e durrsakut n\u00eb Burgun e Dubrav\u00ebs. Emri"},"content":{"rendered":"<p>Nj\u00eb ngjarje e r\u00ebnd\u00eb \u00ebsht\u00eb sh\u00ebnuar n\u00eb burgun e Dubrav\u00ebs.<\/p>\n<p>Izmir \u00a0Allci i lindur m\u00eb 1992 n\u00eb Manz t\u00eb Durr\u00ebsit t\u00eb Shqip\u00ebris\u00eb, ishte arrestuar me 15 dhjetor t\u00eb vitit\u00a02018 p\u00ebr vepr\u00ebn\u00a0 penale, blerje, posedim, shp\u00ebrndarje dhe shitje e paautorizuar e narkotik\u00ebve dhe ishte d\u00ebnuar nga Gjykata Themelore e Pej\u00ebs me dy vjet burgim, m\u00ebson &#8220;Syri.net Kosova&#8221;.<\/p>\n<p>Ai derisa po vuante d\u00ebnimin n\u00eb Qendr\u00ebn Korrektuese t\u00eb Dubrav\u00ebs, e q\u00eb duhej t\u00eb lirohet\u00a0 me 15 qershor t\u00eb vitit\u00a0tjet\u00ebr (2020), me 14 qershor rreth or\u00ebs 10.10 \u00ebsht\u00eb d\u00ebrguar n\u00eb Spitalin e Pej\u00ebs p\u00ebr trajtim, por nuk ka arritur t\u00eb mbijetoj\u00eb.<\/p>\n<p>Asnj\u00ebri nga zyrtar\u00ebt e burgut, policis\u00eb, prokuroris\u00eb, e institutit t\u00eb mjek\u00ebsis\u00eb ligjore nuk japin sqarime lidhur me at\u00eb se si ka ardhur deri tek vdekja e t\u00eb burgosurit\u00a0\u00a0n\u00eb Qendr\u00ebn Korrekutese t\u00eb Dubrav\u00ebs.<\/p>\n<p>Sh\u00ebrbimi Korrektues i Kosov\u00ebs, ka njoftuar se me 14 qershor n\u00eb Spitalin Rajonal t\u00eb Pej\u00ebs, ka nd\u00ebrruar jet\u00eb i burgosuri, me inicialet I. A , i lindur m\u00eb 1992.<\/p>\n<p>I burgosuri, me rekomandim t\u00eb mjekut t\u00eb burgut n\u00eb Dubrav\u00eb \u00ebsht\u00eb d\u00ebrguar me urgjenc\u00eb\u00a0 n\u00eb Spitalin Rajonal t\u00eb Pej\u00ebs rreth or\u00ebs 10:10, ku p\u00ebrkund\u00ebr ofrimit t\u00eb ndihm\u00ebs mjek\u00ebsore ka nd\u00ebrruar jet\u00eb.<\/p>\n<ol>\n<li>A, shtetas nga Shqip\u00ebria akuzohej p\u00ebr vepr\u00ebn penale; blerje, posedim, shp\u00ebrndarje dhe shitje e paautorizuar e narkotik\u00ebve. I nj\u00ebjti po vuante d\u00ebnimin n\u00eb Qendr\u00ebn Korrektuese n\u00eb Dubrav\u00eb.<\/li>\n<\/ol>\n<p>Lidhur me shkaqet e vdekjes, trupi i pajet\u00eb do t\u00eb d\u00ebrgohet p\u00ebr obduksion.<\/p>\n<p>Z\u00ebdh\u00ebn\u00ebsi i Sh\u00ebrbimit Korrektues Florent Gashi, i kontaktuar nga &#8220;Syri.net Kosova&#8221;, nuk ka dashur t\u00eb jap\u00eb informacione tjera pos atyre q\u00eb jan\u00eb dh\u00ebn\u00eb n\u00eb komunikat\u00eb<\/p>\n<p>Nga ana tjet\u00ebr &#8220;Syri.net Kosova&#8221;, ka k\u00ebrkuar informacione edhe nga policia, por e cila ka th\u00ebn\u00eb se nuk kan\u00eb asgj\u00eb p\u00ebr t\u00eb deklaruar rreth k\u00ebtij rasti.<\/p>\n<p>Z\u00ebdh\u00ebn\u00ebsi i Prokuroris\u00eb Themelore t\u00eb Pej\u00ebs Shkodran Nikqi, tha p\u00ebr &#8220;Syri.net Kosova se viktima \u00ebsht\u00eb d\u00ebrguar n\u00eb Spitalin e Pej\u00ebs pa shenja jete dhe me vendim t\u00eb prokurorit\u00a0\u00a0 viktima\u00a0 \u00ebsht\u00eb d\u00ebrguar n\u00eb IML p\u00ebr obduksion.<\/p>\n<p>Ai tregoi se hetimet jan\u00eb duke vazhduar dhe deri tash nuk dihet shkaqet e k\u00ebsaj vdekjeje.<\/p>\n<p>Nga ana tjet\u00ebr lidhur me rastin nuk kan\u00eb dashur t\u00eb flasin as nga Instituti i Mjek\u00ebsis\u00eb Ligjore p\u00ebr t\u00eb dh\u00ebn\u00eb arsyet e vdekjes s\u00eb shtetasit nga Shqip\u00ebria.<\/p>\n<p>K\u00ebshilli p\u00ebr Mbrojtjen e t\u00eb Drejtave dhe Lirive t\u00eb Njeriut me an\u00eb t\u00eb nj\u00eb komunikate ka reaguar n\u00eb lidhje me vdekjen e 27 vje\u00e7arit n\u00eb burgun e Dubrav\u00ebs.<\/p>\n<p>Sipas KMDLNj-s\u00eb shtetasi\u00a0 shqiptar n\u00eb or\u00ebn 9:15 \u00ebsht\u00eb gjetur n\u00eb gjendje t\u00eb r\u00ebnd\u00eb sh\u00ebndet\u00ebsore nga shok\u00ebt e dhom\u00ebs q\u00eb ishin kthyer nga sh\u00ebtitja e q\u00eb i ndjeri nuk kishte dal\u00eb n\u00eb sh\u00ebtitje.<\/p>\n<p>\u201cPersoneli mjek\u00ebsor i Burgut t\u00eb Dubrav\u00ebs ka b\u00ebr\u00eb p\u00ebrpjekje t\u2019i ofroj\u00eb ndihm\u00ebn e par\u00eb mir\u00ebpo p\u00ebr shkak t\u00eb p\u00ebrkeq\u00ebsimit t\u00eb gjendjes sh\u00ebndet\u00ebsore \u00ebsht\u00eb d\u00ebrguar me urgjenc\u00eb n\u00eb Spitalin Rajonal t\u00eb Pej\u00ebs ku edhe \u00ebsht\u00eb konstatuar vdekja\u201d, thuhet n\u00eb reagimin e KMDLNJ-s\u00eb.<\/p>\n<p>KMDLNj thell\u00ebsisht \u00ebsht\u00eb shqet\u00ebsuar me vdekjen e personave t\u00eb privuar nga liria gjat\u00eb vuajtjes s\u00eb d\u00ebnimit dhe k\u00ebrkon intervenim urgjent t\u00eb Ministris\u00eb s\u00eb Sh\u00ebndet\u00ebsis\u00eb dhe Ministris\u00eb s\u00eb Drejt\u00ebsis\u00eb n\u00eb m\u00ebnyr\u00eb q\u00eb t\u00eb sigurohet nj\u00eb mbrojtje cil\u00ebsore dhe efektive e sh\u00ebndetit dhe jet\u00ebs s\u00eb personave t\u00eb privuar nga liria.<\/p>\n<p>\u201cKMDLNj \u00ebsht\u00eb njoftuar p\u00ebr terapin\u00eb q\u00eb e ka p\u00ebrdorur i ndjeri dhe q\u00eb mund t\u00eb jet\u00eb edhe shkaktare p\u00ebr vdekjen e tij prandaj k\u00ebrkon nga drejt\u00ebsia e burgjeve t\u00eb p\u00ebrforcoj\u00eb kontrollet n\u00eb m\u00ebnyr\u00eb q\u00eb t\u00eb eliminohen gj\u00ebsendet e ndaluara. I ndjeri ka vdekur 12 dit\u00eb pasi ka filluar vuajtjen e d\u00ebnimit dhe sipas KMDLNJ \u2013s\u00eb nuk ka pasur histori t\u00eb nj\u00eb s\u00ebmundjeje t\u00eb r\u00ebnd\u00eb e q\u00eb ka shkaktuar vdekjen e shpejt\u00eb\u201d, thuhet n\u00eb reagim.<\/p>\n<p>KMDLNj k\u00ebrkon q\u00eb t\u00eb p\u00ebrforcohet profesionalisht edhe materialisht Sh\u00ebrbimi Sh\u00ebndet\u00ebsor i Burgjeve q\u00eb t\u00eb evitohen k\u00ebso raste n\u00eb t\u00eb ardhmen.<\/p>\n<p>&nbsp;<\/p>\n<p>&nbsp;<\/p>\n","protected":false},"excerpt":{"rendered":"<p>Nj\u00eb ngjarje e r\u00ebnd\u00eb \u00ebsht\u00eb sh\u00ebnuar n\u00eb burgun e Dubrav\u00ebs. Izmir \u00a0Allci i lindur m\u00eb 1992 n\u00eb Manz t\u00eb Durr\u00ebsit t\u00eb Shqip\u00ebris\u00eb, ishte arrestuar me 15 dhjetor t\u00eb vitit\u00a02018 p\u00ebr vepr\u00ebn\u00a0 penale, blerje, posedim, shp\u00ebrndarje dhe shitje e paautorizuar e narkotik\u00ebve dhe ishte d\u00ebnuar nga Gjykata Themelore e Pej\u00ebs me dy vjet burgim, m\u00ebson &#8220;Syri.net [&hellip;]<\/p>\n","protected":false},"author":2013,"featured_media":90170,"comment_status":"open","ping_status":"closed","sticky":false,"template":"","format":"standard","meta":{"footnotes":""},"categories":[241,235],"tags":[],"class_list":{"0":"post-90169","1":"post","2":"type-post","3":"status-publish","4":"format-standard","5":"has-post-thumbnail","7":"category-aktualitet","8":"category-vendi"},"_links":{"self":[{"href":"https:\/\/zjarr.tv\/sq\/wp-json\/wp\/v2\/posts\/90169","targetHints":{"allow":["GET"]}}],"collection":[{"href":"https:\/\/zjarr.tv\/sq\/wp-json\/wp\/v2\/posts"}],"about":[{"href":"https:\/\/zjarr.tv\/sq\/wp-json\/wp\/v2\/types\/post"}],"author":[{"embeddable":true,"href":"https:\/\/zjarr.tv\/sq\/wp-json\/wp\/v2\/users\/2013"}],"replies":[{"embeddable":true,"href":"https:\/\/zjarr.tv\/sq\/wp-json\/wp\/v2\/comments?post=90169"}],"version-history":[{"count":0,"href":"https:\/\/zjarr.tv\/sq\/wp-json\/wp\/v2\/posts\/90169\/revisions"}],"wp:featuredmedia":[{"embeddable":true,"href":"https:\/\/zjarr.tv\/sq\/wp-json\/wp\/v2\/media\/90170"}],"wp:attachment":[{"href":"https:\/\/zjarr.tv\/sq\/wp-json\/wp\/v2\/media?parent=90169"}],"wp:term":[{"taxonomy":"category","embeddable":true,"href":"https:\/\/zjarr.tv\/sq\/wp-json\/wp\/v2\/categories?post=90169"},{"taxonomy":"post_tag","embeddable":true,"href":"https:\/\/zjarr.tv\/sq\/wp-json\/wp\/v2\/tags?post=90169"}],"curies":[{"name":"wp","href":"https:\/\/api.w.org\/{rel}","templated":true}]}}