{"id":90297,"date":"2019-06-15T23:20:48","date_gmt":"2019-06-15T21:20:48","guid":{"rendered":"https:\/\/zjarr.tv\/?p=90297"},"modified":"2019-06-15T16:28:20","modified_gmt":"2019-06-15T14:28:20","slug":"meksika-e-gatshme-per-tu-hakmarre-nese-shba-vendos-tarifa","status":"publish","type":"post","link":"https:\/\/zjarr.tv\/sq\/meksika-e-gatshme-per-tu-hakmarre-nese-shba-vendos-tarifa\/","title":{"rendered":"Meksika e gatshme p\u00ebr t\u2019u hakmarr\u00eb n\u00ebse SHBA vendos tarifa"},"content":{"rendered":"<p>Meksika do t\u00eb jet\u00eb gati t\u00eb hakmerret n\u00ebse qeveria e SHBA-s\u00eb vendos tarifat mbi eksportet meksikane n\u00eb Shtetet e Bashkuara, deklaroi t\u00eb premten ministrja e ekonomis\u00eb meksikane Graciela Marquez transmeton Reuter.<\/p>\n<p>Duke folur n\u00eb Kongres, Marquez tha se qeveria e Meksik\u00ebs do t\u00eb inicioj\u00eb gjithashtu procedura dypal\u00ebshe dhe shum\u00ebpal\u00ebshe p\u00ebr t\u00eb mbrojtur interesat e saj tregtare n\u00ebse Shtetet e Bashkuara do t\u00eb vendosnin tarifat p\u00ebr produktet e tyre.<\/p>\n<p>Sipas propozimit t\u00eb presidentit Trump, tarifat do t\u00eb rriten p\u00ebr 5 p\u00ebr qind \u00e7do muaj, duke arritur n\u00eb 25 p\u00ebr qind n\u00eb tetor, n\u00ebse Meksika nuk vepron p\u00ebr t\u00eb ndalur migrant\u00ebt q\u00eb nisen drejt kufirit jugor t\u00eb SHBA-s\u00eb.<\/p>\n<p>&nbsp;<\/p>\n","protected":false},"excerpt":{"rendered":"<p>Meksika do t\u00eb jet\u00eb gati t\u00eb hakmerret n\u00ebse qeveria e SHBA-s\u00eb vendos tarifat mbi eksportet meksikane n\u00eb Shtetet e Bashkuara, deklaroi t\u00eb premten ministrja e ekonomis\u00eb meksikane Graciela Marquez transmeton Reuter. Duke folur n\u00eb Kongres, Marquez tha se qeveria e Meksik\u00ebs do t\u00eb inicioj\u00eb gjithashtu procedura dypal\u00ebshe dhe shum\u00ebpal\u00ebshe p\u00ebr t\u00eb mbrojtur interesat e saj [&hellip;]<\/p>\n","protected":false},"author":2013,"featured_media":90299,"comment_status":"open","ping_status":"closed","sticky":false,"template":"","format":"standard","meta":{"footnotes":""},"categories":[241,191],"tags":[],"class_list":{"0":"post-90297","1":"post","2":"type-post","3":"status-publish","4":"format-standard","5":"has-post-thumbnail","7":"category-aktualitet","8":"category-bota"},"_links":{"self":[{"href":"https:\/\/zjarr.tv\/sq\/wp-json\/wp\/v2\/posts\/90297","targetHints":{"allow":["GET"]}}],"collection":[{"href":"https:\/\/zjarr.tv\/sq\/wp-json\/wp\/v2\/posts"}],"about":[{"href":"https:\/\/zjarr.tv\/sq\/wp-json\/wp\/v2\/types\/post"}],"author":[{"embeddable":true,"href":"https:\/\/zjarr.tv\/sq\/wp-json\/wp\/v2\/users\/2013"}],"replies":[{"embeddable":true,"href":"https:\/\/zjarr.tv\/sq\/wp-json\/wp\/v2\/comments?post=90297"}],"version-history":[{"count":0,"href":"https:\/\/zjarr.tv\/sq\/wp-json\/wp\/v2\/posts\/90297\/revisions"}],"wp:featuredmedia":[{"embeddable":true,"href":"https:\/\/zjarr.tv\/sq\/wp-json\/wp\/v2\/media\/90299"}],"wp:attachment":[{"href":"https:\/\/zjarr.tv\/sq\/wp-json\/wp\/v2\/media?parent=90297"}],"wp:term":[{"taxonomy":"category","embeddable":true,"href":"https:\/\/zjarr.tv\/sq\/wp-json\/wp\/v2\/categories?post=90297"},{"taxonomy":"post_tag","embeddable":true,"href":"https:\/\/zjarr.tv\/sq\/wp-json\/wp\/v2\/tags?post=90297"}],"curies":[{"name":"wp","href":"https:\/\/api.w.org\/{rel}","templated":true}]}}