{"id":90354,"date":"2019-06-16T14:00:15","date_gmt":"2019-06-16T12:00:15","guid":{"rendered":"https:\/\/zjarr.tv\/?p=90354"},"modified":"2019-06-16T14:00:15","modified_gmt":"2019-06-16T12:00:15","slug":"turistja-humb-portofolin-shqiptari-ben-gjestin-e-madh","status":"publish","type":"post","link":"https:\/\/zjarr.tv\/sq\/turistja-humb-portofolin-shqiptari-ben-gjestin-e-madh\/","title":{"rendered":"Turistja humb portofolin, shqiptari b\u00ebn gjestin e madh"},"content":{"rendered":"<p>Ai e gjeti at\u00eb dhe e d\u00ebrgoi direkt n\u00eb rajonin e policis\u00eb nd\u00ebrsa ajo u paraqit n\u00eb dhom\u00ebn e mbrojtjes s\u00eb selis\u00eb s\u00eb policis\u00eb n\u00eb Imperia me nj\u00eb pamje t\u00eb trishtuar.<\/p>\n<p>Nj\u00eb turiste gjermane, shpjegoi se ajo kishte humbur portofolin e saj q\u00eb p\u00ebrmbante para dhe dokumente. Gruaja ndodhej\u00a0 n\u00eb Imperia me pushime me burrin e saj ku dhe humbi portofolin nj\u00eb dit\u00eb m\u00eb par\u00eb duke ecur n\u00eb qend\u00ebr t\u00eb qytetit.<\/p>\n<p>Shqet\u00ebsimi i saj ishte i duksh\u00ebm n\u00eb fytyr\u00eb pasi brenda kishte shum\u00eb para dhe dokumentet e nevojshme p\u00ebr rikthim n\u00eb sht\u00ebpi.<\/p>\n<p>Policia filloi menj\u00ebher\u00eb analizimin e t\u00eb dh\u00ebnave dhe doli se disa or\u00eb m\u00eb par\u00eb nj\u00eb shqiptar 56-vje\u00e7ar, nj\u00eb punonj\u00ebs, kishte ardhur n\u00eb t\u00eb nj\u00ebjtat zyra, tek nj\u00eb operator tjet\u00ebr, p\u00ebr t\u00eb ofruar nj\u00eb portofol t\u00eb gjetur n\u00eb Piazza Roma.<\/p>\n<p>Portofoli ishte pik\u00ebrisht ai q\u00eb k\u00ebrkonte kjo turiste.<\/p>\n<p>Nj\u00eb rekord dhe nj\u00eb demonstrim i bukur i ndershm\u00ebris\u00eb nga ana e qytetarit shqiptar. Gruaja gjermane mbeti e surprizuar dhe nuk mundi ta fsheh\u00eb aspak g\u00ebzimin kur mori portofolin q\u00eb p\u00ebr m\u00eb tep\u00ebr kishte \u00e7do gj\u00eb brenda tij.<\/p>\n<p>Kishte t\u00eb gjitha parat\u00eb, rreth 400 euro, kartat e kreditit Visa dhe dokumentet e \u00e7muara q\u00eb, n\u00ebse do t\u00eb humbnin, do ta detyronin at\u00eb t\u00eb hynte n\u00eb nj\u00eb proces t\u00eb gjat\u00eb burokratik.<\/p>\n<p>Turistja gjermane k\u00ebrkoi t\u00eb lidhej vet\u00eb me punonj\u00ebsin shqiptar p\u00ebr ta falenderuar personalisht.<\/p>\n<p>&nbsp;<\/p>\n","protected":false},"excerpt":{"rendered":"<p>Ai e gjeti at\u00eb dhe e d\u00ebrgoi direkt n\u00eb rajonin e policis\u00eb nd\u00ebrsa ajo u paraqit n\u00eb dhom\u00ebn e mbrojtjes s\u00eb selis\u00eb s\u00eb policis\u00eb n\u00eb Imperia me nj\u00eb pamje t\u00eb trishtuar. Nj\u00eb turiste gjermane, shpjegoi se ajo kishte humbur portofolin e saj q\u00eb p\u00ebrmbante para dhe dokumente. Gruaja ndodhej\u00a0 n\u00eb Imperia me pushime me burrin [&hellip;]<\/p>\n","protected":false},"author":2013,"featured_media":90355,"comment_status":"open","ping_status":"closed","sticky":false,"template":"","format":"standard","meta":{"footnotes":""},"categories":[241,235],"tags":[],"class_list":{"0":"post-90354","1":"post","2":"type-post","3":"status-publish","4":"format-standard","5":"has-post-thumbnail","7":"category-aktualitet","8":"category-vendi"},"_links":{"self":[{"href":"https:\/\/zjarr.tv\/sq\/wp-json\/wp\/v2\/posts\/90354","targetHints":{"allow":["GET"]}}],"collection":[{"href":"https:\/\/zjarr.tv\/sq\/wp-json\/wp\/v2\/posts"}],"about":[{"href":"https:\/\/zjarr.tv\/sq\/wp-json\/wp\/v2\/types\/post"}],"author":[{"embeddable":true,"href":"https:\/\/zjarr.tv\/sq\/wp-json\/wp\/v2\/users\/2013"}],"replies":[{"embeddable":true,"href":"https:\/\/zjarr.tv\/sq\/wp-json\/wp\/v2\/comments?post=90354"}],"version-history":[{"count":0,"href":"https:\/\/zjarr.tv\/sq\/wp-json\/wp\/v2\/posts\/90354\/revisions"}],"wp:featuredmedia":[{"embeddable":true,"href":"https:\/\/zjarr.tv\/sq\/wp-json\/wp\/v2\/media\/90355"}],"wp:attachment":[{"href":"https:\/\/zjarr.tv\/sq\/wp-json\/wp\/v2\/media?parent=90354"}],"wp:term":[{"taxonomy":"category","embeddable":true,"href":"https:\/\/zjarr.tv\/sq\/wp-json\/wp\/v2\/categories?post=90354"},{"taxonomy":"post_tag","embeddable":true,"href":"https:\/\/zjarr.tv\/sq\/wp-json\/wp\/v2\/tags?post=90354"}],"curies":[{"name":"wp","href":"https:\/\/api.w.org\/{rel}","templated":true}]}}