{"id":90360,"date":"2019-06-16T14:07:27","date_gmt":"2019-06-16T12:07:27","guid":{"rendered":"https:\/\/zjarr.tv\/?p=90360"},"modified":"2019-06-16T14:07:27","modified_gmt":"2019-06-16T12:07:27","slug":"ambulanca-perplas-nje-grua-tek-rruga-e-durresit","status":"publish","type":"post","link":"https:\/\/zjarr.tv\/sq\/ambulanca-perplas-nje-grua-tek-rruga-e-durresit\/","title":{"rendered":"Ambulanca p\u00ebrplas nj\u00eb grua tek rruga e Durr\u00ebsit"},"content":{"rendered":"<p>Nj\u00eb tjet\u00ebr aksident ka ndodhur n\u00eb Tiran\u00eb, k\u00ebt\u00eb her\u00eb fatmir\u00ebsisht pa viktima.<\/p>\n<p>Nj\u00eb autoambulanc\u00eb ka p\u00ebrplasur nj\u00eb grua k\u00ebmb\u00ebsore.<\/p>\n<p>Ngjarja ka ndodhur paraditen m\u00ebngjesin e sot\u00ebm n\u00eb rrug\u00ebn e Durr\u00ebsit n\u00eb kryeqytet.<\/p>\n<p>Gruaja ka qen\u00eb duke kaluar rrug\u00ebn kur \u00ebsht\u00eb p\u00ebrplasur.<\/p>\n<p>M\u00ebsohet se gruaja ka marr\u00eb plag\u00eb n\u00eb t\u00eb gjith\u00eb trupin.<\/p>\n<p>Ajo \u00ebsht\u00eb d\u00ebrguar n\u00eb spital nga shoferi i autoambulanc\u00ebs q\u00eb e p\u00ebrplasi.<\/p>\n<p>&nbsp;<\/p>\n","protected":false},"excerpt":{"rendered":"<p>Nj\u00eb tjet\u00ebr aksident ka ndodhur n\u00eb Tiran\u00eb, k\u00ebt\u00eb her\u00eb fatmir\u00ebsisht pa viktima. Nj\u00eb autoambulanc\u00eb ka p\u00ebrplasur nj\u00eb grua k\u00ebmb\u00ebsore. Ngjarja ka ndodhur paraditen m\u00ebngjesin e sot\u00ebm n\u00eb rrug\u00ebn e Durr\u00ebsit n\u00eb kryeqytet. Gruaja ka qen\u00eb duke kaluar rrug\u00ebn kur \u00ebsht\u00eb p\u00ebrplasur. M\u00ebsohet se gruaja ka marr\u00eb plag\u00eb n\u00eb t\u00eb gjith\u00eb trupin. Ajo \u00ebsht\u00eb d\u00ebrguar n\u00eb [&hellip;]<\/p>\n","protected":false},"author":2013,"featured_media":68935,"comment_status":"open","ping_status":"closed","sticky":false,"template":"","format":"standard","meta":{"footnotes":""},"categories":[241,235],"tags":[],"class_list":{"0":"post-90360","1":"post","2":"type-post","3":"status-publish","4":"format-standard","5":"has-post-thumbnail","7":"category-aktualitet","8":"category-vendi"},"_links":{"self":[{"href":"https:\/\/zjarr.tv\/sq\/wp-json\/wp\/v2\/posts\/90360","targetHints":{"allow":["GET"]}}],"collection":[{"href":"https:\/\/zjarr.tv\/sq\/wp-json\/wp\/v2\/posts"}],"about":[{"href":"https:\/\/zjarr.tv\/sq\/wp-json\/wp\/v2\/types\/post"}],"author":[{"embeddable":true,"href":"https:\/\/zjarr.tv\/sq\/wp-json\/wp\/v2\/users\/2013"}],"replies":[{"embeddable":true,"href":"https:\/\/zjarr.tv\/sq\/wp-json\/wp\/v2\/comments?post=90360"}],"version-history":[{"count":0,"href":"https:\/\/zjarr.tv\/sq\/wp-json\/wp\/v2\/posts\/90360\/revisions"}],"wp:featuredmedia":[{"embeddable":true,"href":"https:\/\/zjarr.tv\/sq\/wp-json\/wp\/v2\/media\/68935"}],"wp:attachment":[{"href":"https:\/\/zjarr.tv\/sq\/wp-json\/wp\/v2\/media?parent=90360"}],"wp:term":[{"taxonomy":"category","embeddable":true,"href":"https:\/\/zjarr.tv\/sq\/wp-json\/wp\/v2\/categories?post=90360"},{"taxonomy":"post_tag","embeddable":true,"href":"https:\/\/zjarr.tv\/sq\/wp-json\/wp\/v2\/tags?post=90360"}],"curies":[{"name":"wp","href":"https:\/\/api.w.org\/{rel}","templated":true}]}}