{"id":90362,"date":"2019-06-16T14:09:26","date_gmt":"2019-06-16T12:09:26","guid":{"rendered":"https:\/\/zjarr.tv\/?p=90362"},"modified":"2019-06-16T14:09:26","modified_gmt":"2019-06-16T12:09:26","slug":"ish-deputeti-thirrje-mazhorances-kapeni-javen-eshte-e-fundit-per-ju","status":"publish","type":"post","link":"https:\/\/zjarr.tv\/sq\/ish-deputeti-thirrje-mazhorances-kapeni-javen-eshte-e-fundit-per-ju\/","title":{"rendered":"Ish deputeti thirrje mazhoranc\u00ebs: Kapeni jav\u00ebn, \u00ebsht\u00eb e fundit p\u00ebr ju"},"content":{"rendered":"<p>Ish-deputeti i LSI-s\u00eb i b\u00ebn thirrje mazhotanc\u00ebs q\u00eb t\u00eb kapin koh\u00ebn, dit\u00ebt dhe jav\u00ebn q\u00eb vjen, pasi do t\u00eb jet\u00eb e fundit.<\/p>\n<p>Edmond Panariti shkruan n\u00eb Facebook, se mazhoranca duhet t\u00eb shkoj\u00eb tek presidenti p\u00ebr t\u00eb b\u00ebr\u00eb negociata.<\/p>\n<p>Reagimi i plot\u00eb i Edmond Panaritit:<\/p>\n<p>Kapeni jav\u00ebn!<\/p>\n<p>\u00cbsht\u00eb e fundit!<\/p>\n<p>\u00cbsht\u00eb kritike dhe ndofta pa kthim!<\/p>\n<p>Shkoni te Presidenti dhe nisni bisedimet me opozit\u00ebn e v\u00ebrtet\u00eb dhe gjeni zgjidhjen!<\/p>\n<p>Zgjidhje jo vet\u00ebm p\u00ebr nj\u00eb pal\u00eb zgjedhje, por p\u00ebr rivendosjen e pluralizmit, i cili \u00ebsht\u00eb jasht\u00eb binareve dhe po rr\u00ebshqet n\u00eb diktatur\u00eb!<\/p>\n<p>&nbsp;<\/p>\n","protected":false},"excerpt":{"rendered":"<p>Ish-deputeti i LSI-s\u00eb i b\u00ebn thirrje mazhotanc\u00ebs q\u00eb t\u00eb kapin koh\u00ebn, dit\u00ebt dhe jav\u00ebn q\u00eb vjen, pasi do t\u00eb jet\u00eb e fundit. Edmond Panariti shkruan n\u00eb Facebook, se mazhoranca duhet t\u00eb shkoj\u00eb tek presidenti p\u00ebr t\u00eb b\u00ebr\u00eb negociata. Reagimi i plot\u00eb i Edmond Panaritit: Kapeni jav\u00ebn! \u00cbsht\u00eb e fundit! \u00cbsht\u00eb kritike dhe ndofta pa kthim! [&hellip;]<\/p>\n","protected":false},"author":2013,"featured_media":0,"comment_status":"open","ping_status":"closed","sticky":false,"template":"","format":"standard","meta":{"footnotes":""},"categories":[241,235],"tags":[],"class_list":{"0":"post-90362","1":"post","2":"type-post","3":"status-publish","4":"format-standard","6":"category-aktualitet","7":"category-vendi"},"_links":{"self":[{"href":"https:\/\/zjarr.tv\/sq\/wp-json\/wp\/v2\/posts\/90362","targetHints":{"allow":["GET"]}}],"collection":[{"href":"https:\/\/zjarr.tv\/sq\/wp-json\/wp\/v2\/posts"}],"about":[{"href":"https:\/\/zjarr.tv\/sq\/wp-json\/wp\/v2\/types\/post"}],"author":[{"embeddable":true,"href":"https:\/\/zjarr.tv\/sq\/wp-json\/wp\/v2\/users\/2013"}],"replies":[{"embeddable":true,"href":"https:\/\/zjarr.tv\/sq\/wp-json\/wp\/v2\/comments?post=90362"}],"version-history":[{"count":0,"href":"https:\/\/zjarr.tv\/sq\/wp-json\/wp\/v2\/posts\/90362\/revisions"}],"wp:attachment":[{"href":"https:\/\/zjarr.tv\/sq\/wp-json\/wp\/v2\/media?parent=90362"}],"wp:term":[{"taxonomy":"category","embeddable":true,"href":"https:\/\/zjarr.tv\/sq\/wp-json\/wp\/v2\/categories?post=90362"},{"taxonomy":"post_tag","embeddable":true,"href":"https:\/\/zjarr.tv\/sq\/wp-json\/wp\/v2\/tags?post=90362"}],"curies":[{"name":"wp","href":"https:\/\/api.w.org\/{rel}","templated":true}]}}