{"id":90382,"date":"2019-06-16T14:22:36","date_gmt":"2019-06-16T12:22:36","guid":{"rendered":"https:\/\/zjarr.tv\/?p=90382"},"modified":"2019-06-16T14:22:36","modified_gmt":"2019-06-16T12:22:36","slug":"prisja-lulin-u-hodh-iliri-rama-fallxhorja-cmendi-dhe-ceken","status":"publish","type":"post","link":"https:\/\/zjarr.tv\/sq\/prisja-lulin-u-hodh-iliri-rama-fallxhorja-cmendi-dhe-ceken\/","title":{"rendered":"\u201cPrisja Lulin u hodh Iliri\u201d, Rama: \u201cFallxhorja\u201d \u00e7mendi dhe Cek\u00ebn"},"content":{"rendered":"<p>Nga Maliqi ku ndodhej p\u00ebr fushat\u00eb kryeministri Rama nuk i kurseu notat e ironis\u00eb n\u00eb lidhje me veprimin e Presidentit Meta p\u00ebr t\u00eb \u00e7dekretuar 30 qershorin si dat\u00eb zgjedhjesh. Sipas tij, nd\u00ebrsa priste q\u00eb veprime t\u00eb tipit \u201chedhje n\u00eb er\u00eb\u201d t\u2019i b\u00ebnte Basha, ndodhi me Presidentin.<\/p>\n<p>\u201cKishim nj\u00ebrin q\u00eb k\u00ebrc\u00ebnonte do hidhem n\u00eb er\u00eb e mu kujtua q\u00eb kemi pas n\u00eb lagje nj\u00ebrin q\u00eb ngjitej n\u00eb katin e 4 e thoshte hidhem sot e hidhem nes\u00ebr. Kur nj\u00eb dit\u00eb na u hodh nj\u00eb tjet\u00ebr. K\u00ebshtu thoshte edhe Lulzimi hapni vendin se do hidhem, u hodh Ilir Meta. Fakti q\u00eb u hodh zbuloi gjith\u00eb planin destruktiv, ideator dhe frym\u00ebzues \u00ebsht\u00eb Iliri e Berisha kurse Lulzimi \u00ebsht\u00eb nj\u00eb kukull q\u00eb \u00ebsht\u00eb m\u00ebsuar t\u2019i marr\u00eb gj\u00ebrat qyl. Un\u00eb e njoh se e kam shok, \u00ebsht\u00eb dembel dhe p\u00ebrtac, po \u00e7\u2019i b\u00ebsh e \u00e7mendi fallxhorja\u201d,- tha Rama.<\/p>\n<p>Po sipas tij, jo vet\u00ebm Bash\u00ebn e met\u00ebn, por \u201cfallxhorja\u201d ashtu si\u00e7 i drejtohet ai kryetares s\u00eb LSI-s\u00eb Monika Kryemadhit, ka \u00e7mendur edhe Tit Vasilin e Neritan Cek\u00ebn.<\/p>\n<p>Kjo kishte \u00e7mendur edhe Neritan Cek\u00ebn, goxha burr\u00eb, 75 a 80 vje\u00e7 kishte dal\u00eb n\u00eb tv e mallkonte si ta kishte pickuar gjarpri\u2026sikur e kishin p\u00ebrjashtuar nga ndonj\u00eb sekt fetar, pse e zuri hirra. Ka edhe t\u00eb tjer\u00eb, keni par\u00eb daj\u00eb Tit Vasilin kur flet? Duket sikur sapo \u00ebsht\u00eb pickuar nga gjarpi. Ca jan\u00eb k\u00ebta moo? parti jan\u00eb k\u00ebta? Skuadra programesh q\u00eb do nd\u00ebrtojn\u00eb Shqip\u00ebrin\u00eb\u2026\u201d,- vijoi Rama.<\/p>\n<p>Duke mos i kursyer akuzat ndaj kryetares s\u00eb LSI-s\u00eb, Monika Kryemadhi, Rama vijoi: \u201cshyqyr q\u00eb zoti s\u2019p\u00ebrfshihet n\u00eb zgjedhje se do ta kishte mbyllur fallxhoren n\u00eb sht\u00ebpi\u2026se dihet shum\u00eb mir\u00eb kush i blen votat. K\u00ebt\u00eb SHPK e sheikut t\u00eb Skraparit e ka th\u00ebn\u00eb edhe Lulzimi m\u00eb her\u00ebt po tani e pickoi gjarpri\u201d.<\/p>\n<p>&nbsp;<\/p>\n","protected":false},"excerpt":{"rendered":"<p>Nga Maliqi ku ndodhej p\u00ebr fushat\u00eb kryeministri Rama nuk i kurseu notat e ironis\u00eb n\u00eb lidhje me veprimin e Presidentit Meta p\u00ebr t\u00eb \u00e7dekretuar 30 qershorin si dat\u00eb zgjedhjesh. Sipas tij, nd\u00ebrsa priste q\u00eb veprime t\u00eb tipit \u201chedhje n\u00eb er\u00eb\u201d t\u2019i b\u00ebnte Basha, ndodhi me Presidentin. \u201cKishim nj\u00ebrin q\u00eb k\u00ebrc\u00ebnonte do hidhem n\u00eb er\u00eb e [&hellip;]<\/p>\n","protected":false},"author":2013,"featured_media":90316,"comment_status":"open","ping_status":"closed","sticky":false,"template":"","format":"standard","meta":{"footnotes":""},"categories":[241,235],"tags":[],"class_list":{"0":"post-90382","1":"post","2":"type-post","3":"status-publish","4":"format-standard","5":"has-post-thumbnail","7":"category-aktualitet","8":"category-vendi"},"_links":{"self":[{"href":"https:\/\/zjarr.tv\/sq\/wp-json\/wp\/v2\/posts\/90382","targetHints":{"allow":["GET"]}}],"collection":[{"href":"https:\/\/zjarr.tv\/sq\/wp-json\/wp\/v2\/posts"}],"about":[{"href":"https:\/\/zjarr.tv\/sq\/wp-json\/wp\/v2\/types\/post"}],"author":[{"embeddable":true,"href":"https:\/\/zjarr.tv\/sq\/wp-json\/wp\/v2\/users\/2013"}],"replies":[{"embeddable":true,"href":"https:\/\/zjarr.tv\/sq\/wp-json\/wp\/v2\/comments?post=90382"}],"version-history":[{"count":0,"href":"https:\/\/zjarr.tv\/sq\/wp-json\/wp\/v2\/posts\/90382\/revisions"}],"wp:featuredmedia":[{"embeddable":true,"href":"https:\/\/zjarr.tv\/sq\/wp-json\/wp\/v2\/media\/90316"}],"wp:attachment":[{"href":"https:\/\/zjarr.tv\/sq\/wp-json\/wp\/v2\/media?parent=90382"}],"wp:term":[{"taxonomy":"category","embeddable":true,"href":"https:\/\/zjarr.tv\/sq\/wp-json\/wp\/v2\/categories?post=90382"},{"taxonomy":"post_tag","embeddable":true,"href":"https:\/\/zjarr.tv\/sq\/wp-json\/wp\/v2\/tags?post=90382"}],"curies":[{"name":"wp","href":"https:\/\/api.w.org\/{rel}","templated":true}]}}