{"id":90384,"date":"2019-06-16T14:23:43","date_gmt":"2019-06-16T12:23:43","guid":{"rendered":"https:\/\/zjarr.tv\/?p=90384"},"modified":"2019-06-16T14:23:43","modified_gmt":"2019-06-16T12:23:43","slug":"sekuestrohen-82-kokerra-ekstazi-dhe-kanabis-ne-pranga-2-persona","status":"publish","type":"post","link":"https:\/\/zjarr.tv\/sq\/sekuestrohen-82-kokerra-ekstazi-dhe-kanabis-ne-pranga-2-persona\/","title":{"rendered":"Sekuestrohen 82 kok\u00ebrra ekstazi dhe kanabis, n\u00eb pranga 2 persona"},"content":{"rendered":"<p>Policia e Vlor\u00ebs ka sekuestruar 82 kokrra drog\u00eb stimuluese ekstazi dhe 220 gram\u00eb l\u00ebnd\u00eb narkotike Kanabis.<\/p>\n<p>Blut\u00eb b\u00ebj\u00ebn me dije se n\u00eb pranga kan\u00eb r\u00ebn\u00eb 2 persona: shtetasi R.V., 21 vje\u00e7, banues n\u00eb Tiran\u00eb.<\/p>\n<p><em>\u201cKapja dhe arrestimi i tij u b\u00eb n\u00eb nj\u00eb lokal t\u00eb Himar\u00ebs pasi gjat\u00eb kontrollit fizik k\u00ebtij shtetasi iu gjet\u00ebn n\u00eb \u00e7ant\u00ebn e dor\u00ebs 82 kokrra t\u00eb dyshuara drog\u00eb stimuluese e llojit ekstazi<\/em>\u201d, njofton policia.<\/p>\n<p>I arrestuari i dyt\u00eb \u00ebsht\u00eb shtetasi E. A., 19 vje\u00e7, banues n\u00eb fshatin Lapardha.<\/p>\n<p><em>\u201cArrestimi i tij u b\u00eb bazuar n\u00eb informacione t\u00eb siguruara n\u00eb rrug\u00eb operative, pas kontrollit t\u00eb ushtruar n\u00eb banes\u00eb, iu gjet\u00ebn 220 gram\u00eb l\u00ebnd\u00eb narkotike e dyshuar e llojit cannabis sattiva\u201d,<\/em>\u00a0njofton policia.<\/p>\n<p>Materialet iu referuan Prokuroris\u00eb n\u00eb ngarkim t\u00eb secilit p\u00ebr vepr\u00ebn penale &#8220;Prodhimi dhe shitja e narkotik\u00ebve&#8221;.<\/p>\n<p>&nbsp;<\/p>\n","protected":false},"excerpt":{"rendered":"<p>Policia e Vlor\u00ebs ka sekuestruar 82 kokrra drog\u00eb stimuluese ekstazi dhe 220 gram\u00eb l\u00ebnd\u00eb narkotike Kanabis. Blut\u00eb b\u00ebj\u00ebn me dije se n\u00eb pranga kan\u00eb r\u00ebn\u00eb 2 persona: shtetasi R.V., 21 vje\u00e7, banues n\u00eb Tiran\u00eb. \u201cKapja dhe arrestimi i tij u b\u00eb n\u00eb nj\u00eb lokal t\u00eb Himar\u00ebs pasi gjat\u00eb kontrollit fizik k\u00ebtij shtetasi iu gjet\u00ebn n\u00eb [&hellip;]<\/p>\n","protected":false},"author":2013,"featured_media":90385,"comment_status":"open","ping_status":"closed","sticky":false,"template":"","format":"standard","meta":{"footnotes":""},"categories":[241,235],"tags":[],"class_list":{"0":"post-90384","1":"post","2":"type-post","3":"status-publish","4":"format-standard","5":"has-post-thumbnail","7":"category-aktualitet","8":"category-vendi"},"_links":{"self":[{"href":"https:\/\/zjarr.tv\/sq\/wp-json\/wp\/v2\/posts\/90384","targetHints":{"allow":["GET"]}}],"collection":[{"href":"https:\/\/zjarr.tv\/sq\/wp-json\/wp\/v2\/posts"}],"about":[{"href":"https:\/\/zjarr.tv\/sq\/wp-json\/wp\/v2\/types\/post"}],"author":[{"embeddable":true,"href":"https:\/\/zjarr.tv\/sq\/wp-json\/wp\/v2\/users\/2013"}],"replies":[{"embeddable":true,"href":"https:\/\/zjarr.tv\/sq\/wp-json\/wp\/v2\/comments?post=90384"}],"version-history":[{"count":0,"href":"https:\/\/zjarr.tv\/sq\/wp-json\/wp\/v2\/posts\/90384\/revisions"}],"wp:featuredmedia":[{"embeddable":true,"href":"https:\/\/zjarr.tv\/sq\/wp-json\/wp\/v2\/media\/90385"}],"wp:attachment":[{"href":"https:\/\/zjarr.tv\/sq\/wp-json\/wp\/v2\/media?parent=90384"}],"wp:term":[{"taxonomy":"category","embeddable":true,"href":"https:\/\/zjarr.tv\/sq\/wp-json\/wp\/v2\/categories?post=90384"},{"taxonomy":"post_tag","embeddable":true,"href":"https:\/\/zjarr.tv\/sq\/wp-json\/wp\/v2\/tags?post=90384"}],"curies":[{"name":"wp","href":"https:\/\/api.w.org\/{rel}","templated":true}]}}