{"id":90391,"date":"2019-06-16T14:32:14","date_gmt":"2019-06-16T12:32:14","guid":{"rendered":"https:\/\/zjarr.tv\/?p=90391"},"modified":"2019-06-16T14:32:14","modified_gmt":"2019-06-16T12:32:14","slug":"be-kerkon-kokat-e-zyrtareve-te-larte-kercenon-rama","status":"publish","type":"post","link":"https:\/\/zjarr.tv\/sq\/be-kerkon-kokat-e-zyrtareve-te-larte-kercenon-rama\/","title":{"rendered":"BE k\u00ebrkon \u201ckokat\u201d e zyrtar\u00ebve t\u00eb lart\u00eb, \u201ck\u00ebrc\u00ebnon\u201d Rama"},"content":{"rendered":"<p>Reforma n\u00eb drejt\u00ebsi \u00ebsht\u00eb instrumenti me t\u00eb cilin Kryeministri Rama k\u00ebrkon t\u00eb \u201chakmerret\u201d me Presidentin Ilir Meta, pas anulimit t\u00eb zgjedhjeve t\u00eb 30 Qershorit nga ky i fundit.<\/p>\n<p>Edi Rama nga Maliqi k\u00ebrc\u00ebnoi Meten dhe Berishen se rrezikojn\u00eb t\u00eb d\u00ebnohen nga reforma n\u00eb drejt\u00ebsi, pasi BE \u00a0k\u00ebrkon rezultate konkrete nga nd\u00ebshkimi i zyrtar\u00ebve t\u00eb lart\u00eb.<\/p>\n<p><strong>Edi Rama:<\/strong>\u00a0<em>Bashkimi Europian do filloj\u00eb prova. Prova q\u00eb ky sistem drejt\u00ebsie i reformuar funksionon. Drejt\u00ebsia mund t\u00eb nd\u00ebshkoj\u00eb President\u00eb, ish-President\u00eb, Kryeministra, ish-Kryeministra, Ministra, ish-Ministra, q\u00eb kan\u00eb shkelur ligjin.<\/em><\/p>\n<p>Kryesocialisti nuk t\u00ebrhiqet nga 30 Qershori dhe garantoi qytetar\u00ebt se nuk do t\u00eb ket\u00eb rikthim t\u00eb 97-t\u00ebs apo konflikte t\u00eb mundshme dit\u00ebn e votimeve.<\/p>\n<p><strong>Edi Rama:<\/strong>\u00a0<em>K\u00ebto jan\u00eb t\u00eb gjitha k\u00ebrc\u00ebnime dhe bllofe njer\u00ebzish q\u00eb i besojn\u00eb m\u00eb shum\u00eb filxhanit t\u00eb fallxhores, sesa i besojn\u00eb kushtetut\u00ebs dhe ligjit. Nuk ka asnj\u00eb arsye t\u00eb ket\u00eb jo gjakderdhje, po ska arsye q\u00eb t\u00eb ket\u00eb asnj\u00eb konflikt, ka vet\u00ebm llumderdhje nga filxhani i fallxhores.<\/em><\/p>\n<p>Edi Rama \u00ebsht\u00eb i sigurt se orkestruesit e k\u00ebsaj krize politike jan\u00eb Ilir Meta dhe Sali Berisha, nd\u00ebrsa Lulzim Basha \u00ebsht\u00eb vet\u00ebm nj\u00eb instrument i tyre.<\/p>\n<p><strong>Edi Rama<\/strong>:\u00a0<em>Ideator\u00ebt dhe frym\u00ebzuesit e t\u00eb cilit jan\u00eb Sali Berisha dhe Ilir Meta. Lulzimi \u00ebsht\u00eb vet\u00ebm nj\u00eb kukull q\u00eb \u00ebsht\u00eb m\u00ebsuar t\u2019i marri gj\u00ebrat qyl. Tani un\u00eb e njoh e kam shok, \u00ebsht\u00eb dembel, \u00ebsht\u00eb llafazan, \u00ebsht\u00eb edhe gjumash. Dhe nga ana tjet\u00ebr fallxhorja q\u00eb \u00e7mend t\u00eb tre k\u00ebta dhe \u00e7mend k\u00eb ti dal\u00eb para. \u00a0<\/em><\/p>\n<p>Pavar\u00ebsisht k\u00ebsaj, Kryemistri faj\u00ebson protest\u00ebn e opozit\u00ebs p\u00ebr shtyerjen e mundshme t\u00eb hapjes s\u00eb negociatave p\u00ebr shkak t\u00eb imazheve t\u00eb shafaqura n\u00ebp\u00ebr mediumet nd\u00ebrkom\u00ebbtare.<\/p>\n","protected":false},"excerpt":{"rendered":"<p>Reforma n\u00eb drejt\u00ebsi \u00ebsht\u00eb instrumenti me t\u00eb cilin Kryeministri Rama k\u00ebrkon t\u00eb \u201chakmerret\u201d me Presidentin Ilir Meta, pas anulimit t\u00eb zgjedhjeve t\u00eb 30 Qershorit nga ky i fundit. Edi Rama nga Maliqi k\u00ebrc\u00ebnoi Meten dhe Berishen se rrezikojn\u00eb t\u00eb d\u00ebnohen nga reforma n\u00eb drejt\u00ebsi, pasi BE \u00a0k\u00ebrkon rezultate konkrete nga nd\u00ebshkimi i zyrtar\u00ebve t\u00eb lart\u00eb. [&hellip;]<\/p>\n","protected":false},"author":2013,"featured_media":89903,"comment_status":"open","ping_status":"closed","sticky":false,"template":"","format":"standard","meta":{"footnotes":""},"categories":[241,235],"tags":[],"class_list":{"0":"post-90391","1":"post","2":"type-post","3":"status-publish","4":"format-standard","5":"has-post-thumbnail","7":"category-aktualitet","8":"category-vendi"},"_links":{"self":[{"href":"https:\/\/zjarr.tv\/sq\/wp-json\/wp\/v2\/posts\/90391","targetHints":{"allow":["GET"]}}],"collection":[{"href":"https:\/\/zjarr.tv\/sq\/wp-json\/wp\/v2\/posts"}],"about":[{"href":"https:\/\/zjarr.tv\/sq\/wp-json\/wp\/v2\/types\/post"}],"author":[{"embeddable":true,"href":"https:\/\/zjarr.tv\/sq\/wp-json\/wp\/v2\/users\/2013"}],"replies":[{"embeddable":true,"href":"https:\/\/zjarr.tv\/sq\/wp-json\/wp\/v2\/comments?post=90391"}],"version-history":[{"count":0,"href":"https:\/\/zjarr.tv\/sq\/wp-json\/wp\/v2\/posts\/90391\/revisions"}],"wp:featuredmedia":[{"embeddable":true,"href":"https:\/\/zjarr.tv\/sq\/wp-json\/wp\/v2\/media\/89903"}],"wp:attachment":[{"href":"https:\/\/zjarr.tv\/sq\/wp-json\/wp\/v2\/media?parent=90391"}],"wp:term":[{"taxonomy":"category","embeddable":true,"href":"https:\/\/zjarr.tv\/sq\/wp-json\/wp\/v2\/categories?post=90391"},{"taxonomy":"post_tag","embeddable":true,"href":"https:\/\/zjarr.tv\/sq\/wp-json\/wp\/v2\/tags?post=90391"}],"curies":[{"name":"wp","href":"https:\/\/api.w.org\/{rel}","templated":true}]}}