{"id":90393,"date":"2019-06-16T14:34:35","date_gmt":"2019-06-16T12:34:35","guid":{"rendered":"https:\/\/zjarr.tv\/?p=90393"},"modified":"2019-06-16T14:34:35","modified_gmt":"2019-06-16T12:34:35","slug":"neser-nderpriten-dritat-ne-tirane-ja-zonat-problematike","status":"publish","type":"post","link":"https:\/\/zjarr.tv\/sq\/neser-nderpriten-dritat-ne-tirane-ja-zonat-problematike\/","title":{"rendered":"Nes\u00ebr nd\u00ebrpriten dritat n\u00eb Tiran\u00eb, ja zonat problematike"},"content":{"rendered":"<p>Operatori i Shp\u00ebrndarjes s\u00eb Energjis\u00eb Elektrike njofton t\u00eb gjith\u00eb abontent\u00ebt n\u00eb Tiran\u00eb se dit\u00ebn e nes\u00ebrme do t\u00eb ket\u00eb stakim t\u00eb energjis\u00eb elektrike n\u00eb disa zona.<\/p>\n<p><em>Njoftim p\u00ebr abonent\u00ebt Tiran\u00eb\u00a0<\/em><\/p>\n<p><em>Stakim i dates \u00a017 qershor<\/em><\/p>\n<p><em>P\u00ebr shkak t\u00eb investimit n\u00eb kabina, n\u00eb daten \u00a017 qershor do t\u00eb punohet n\u00eb disa zona te Tiranes<\/em><\/p>\n<p><em>17 qershor\/ora 09:00-15:00<\/em><\/p>\n<p><em>\u00a0rruga e Durr\u00ebsit pjeserisht, rruga &#8220;Sk\u00ebnderbej&#8221;, rruga &#8220;Gavril Pepo&#8221; pjeserisht, ne Yzberisht<\/em><\/p>\n<p><em>09:30-15:00\/rruga &#8220;Eshref Frasheri&#8221;, rruga &#8220;Mehmet Brocaj&#8221;<\/em><\/p>\n<p><em>09:00-16:00\/rruga &#8220;Rexhep Preza&#8221; \u00a0rruga &#8220;Pandi Dardha&#8221;, rruga &#8220;Njazi Meka&#8221;, rruga &#8220;Agallia Tako&#8221;, \u00a0rruga &#8220;Ram Sadria&#8221;<\/em><\/p>\n<p>&nbsp;<\/p>\n","protected":false},"excerpt":{"rendered":"<p>Operatori i Shp\u00ebrndarjes s\u00eb Energjis\u00eb Elektrike njofton t\u00eb gjith\u00eb abontent\u00ebt n\u00eb Tiran\u00eb se dit\u00ebn e nes\u00ebrme do t\u00eb ket\u00eb stakim t\u00eb energjis\u00eb elektrike n\u00eb disa zona. Njoftim p\u00ebr abonent\u00ebt Tiran\u00eb\u00a0 Stakim i dates \u00a017 qershor P\u00ebr shkak t\u00eb investimit n\u00eb kabina, n\u00eb daten \u00a017 qershor do t\u00eb punohet n\u00eb disa zona te Tiranes 17 qershor\/ora [&hellip;]<\/p>\n","protected":false},"author":2013,"featured_media":53743,"comment_status":"open","ping_status":"closed","sticky":false,"template":"","format":"standard","meta":{"footnotes":""},"categories":[241,235],"tags":[],"class_list":{"0":"post-90393","1":"post","2":"type-post","3":"status-publish","4":"format-standard","5":"has-post-thumbnail","7":"category-aktualitet","8":"category-vendi"},"_links":{"self":[{"href":"https:\/\/zjarr.tv\/sq\/wp-json\/wp\/v2\/posts\/90393","targetHints":{"allow":["GET"]}}],"collection":[{"href":"https:\/\/zjarr.tv\/sq\/wp-json\/wp\/v2\/posts"}],"about":[{"href":"https:\/\/zjarr.tv\/sq\/wp-json\/wp\/v2\/types\/post"}],"author":[{"embeddable":true,"href":"https:\/\/zjarr.tv\/sq\/wp-json\/wp\/v2\/users\/2013"}],"replies":[{"embeddable":true,"href":"https:\/\/zjarr.tv\/sq\/wp-json\/wp\/v2\/comments?post=90393"}],"version-history":[{"count":0,"href":"https:\/\/zjarr.tv\/sq\/wp-json\/wp\/v2\/posts\/90393\/revisions"}],"wp:featuredmedia":[{"embeddable":true,"href":"https:\/\/zjarr.tv\/sq\/wp-json\/wp\/v2\/media\/53743"}],"wp:attachment":[{"href":"https:\/\/zjarr.tv\/sq\/wp-json\/wp\/v2\/media?parent=90393"}],"wp:term":[{"taxonomy":"category","embeddable":true,"href":"https:\/\/zjarr.tv\/sq\/wp-json\/wp\/v2\/categories?post=90393"},{"taxonomy":"post_tag","embeddable":true,"href":"https:\/\/zjarr.tv\/sq\/wp-json\/wp\/v2\/tags?post=90393"}],"curies":[{"name":"wp","href":"https:\/\/api.w.org\/{rel}","templated":true}]}}