{"id":90397,"date":"2019-06-16T14:58:59","date_gmt":"2019-06-16T12:58:59","guid":{"rendered":"https:\/\/zjarr.tv\/?p=90397"},"modified":"2019-06-16T14:58:59","modified_gmt":"2019-06-16T12:58:59","slug":"ceka-rames-flet-me-fjalorin-e-spiropalit","status":"publish","type":"post","link":"https:\/\/zjarr.tv\/sq\/ceka-rames-flet-me-fjalorin-e-spiropalit\/","title":{"rendered":"Ceka-Ram\u00ebs: Flet me fjalorin e Spiropalit"},"content":{"rendered":"<p>Politikani i njohur Neritan Ceka iu p\u00ebrgjigj deklaratave t\u00eb b\u00ebra dje nga Kryeministri Rama, duke th\u00ebn\u00eb se flet me gjuh\u00ebn e Elisa Spiropalit, nd\u00ebrsa e sfidon n\u00eb nj\u00eb gar\u00eb sa i takon mosh\u00ebs prej 70- vje\u00e7ari, q\u00eb Rama i p\u00ebrmendte.<\/p>\n<p>N\u00eb nj\u00eb intervist\u00eb p\u00ebr gazet\u00ebn \u2018Panorama\u2019, Ceka tha se qytetar\u00ebt nuk duhet t\u00eb dalin n\u00eb votime n\u00eb 30 qershor, duke treguar qytetari dhe t\u00eb mos b\u00ebhen pjes\u00eb e nj\u00eb teatri t\u00eb p\u00ebshtir\u00eb.<\/p>\n<p>Gjat\u00eb nj\u00eb takimi elektoral n\u00eb Kolonj\u00eb, Kryeministri Rama tha se \u2018e kishte z\u00ebn\u00eb tartakuti Neritan Cek\u00ebn q\u00eb mallkonte sikur kishte g\u00ebrmuar gjith\u00eb nat\u00ebn te filxhani i Monik\u00ebs, 70 e kusur vje\u00e7, profesor me libra, dukej sikur kishte dal\u00eb xhindi nga filxhani\u2019.<\/p>\n<p>Kryeministri Rama ka komentuar deklarat\u00ebn tuaj, b\u00ebr\u00eb pak dit\u00eb m\u00eb par\u00eb n\u00eb media, kur tha sot se: \u2018Neritan Ceka mallkonte sikur kishte g\u00ebrmuar gjith\u00eb nat\u00ebn te filxhani i Monik\u00ebs, 70 e kusur vje\u00e7 dukej sikur kishte dal\u00eb xhindi nga filxhani\u2019. Keni nj\u00eb koment p\u00ebr k\u00ebt\u00eb?<\/p>\n<p>Kjo \u00ebsht\u00eb nj\u00eb deklarat\u00eb q\u00eb m\u00eb ngre edhe m\u00eb shum\u00eb aksesin n\u00eb rrjete sociale dhe n\u00eb median shqiptare, nj\u00eb shkenc\u00ebtari t\u00eb harruar koh\u00ebt e fundit, por q\u00eb u kujtua Presidenti i Kosov\u00ebs para dy dit\u00ebve dhe e dekoroi me urdhrin m\u00eb t\u00eb lart\u00eb t\u00eb Kosov\u00ebs. Nd\u00ebrkoh\u00eb, d\u00ebgjoj cil\u00ebsime q\u00eb natyrisht jan\u00eb marr\u00eb nga fjalori i Spiropalit. P\u00ebr sa i takon asaj q\u00eb thot\u00eb plaku 70- vje\u00e7ar, e ftoj zotin Rama n\u00eb nj\u00eb sfid\u00eb modeste, ku t\u00eb doj\u00eb ai, n\u00eb nj\u00eb gar\u00eb 50m, 100m, n\u00eb ngjitje shkall\u00ebsh deri te kati i par\u00eb n\u00ebse ngjitet dot para meje. Nd\u00ebrsa p\u00ebr sa i p\u00ebrket shkall\u00ebs s\u00eb kultur\u00ebs gjuh\u00ebsore, besoj se nuk kam asnj\u00eb lloj gare q\u00eb t\u2019i ofroj.<\/p>\n<p>Ju keni p\u00ebrvoj\u00eb t\u00eb gjat\u00eb n\u00eb politik\u00eb dhe n\u00eb zgjedhje. Si e vler\u00ebsoni dekretin e Presidentit Meta p\u00ebr t\u00eb anuluar dat\u00ebn e zgjedhjeve? E shihni si nj\u00eb tentativ\u00eb p\u00ebr t\u2019i dh\u00ebn\u00eb mund\u00ebsi shfryrjes s\u00eb tensionit dhe gjetjes s\u00eb rrug\u00ebs s\u00eb dialogut?<\/p>\n<p>Un\u00eb nuk mendoj se \u00ebsht\u00eb vet\u00ebm shfryrje tensioni. Ftesa e Met\u00ebs \u00ebsht\u00eb shum\u00eb e gjer\u00eb, nuk ka t\u00eb b\u00ebr\u00eb vet\u00ebm me uljen e tensioneve, sepse tensionet nuk kan\u00eb p\u00ebr t\u2019u ulur edhe sikur zgjedhjet t\u00eb shtyhen p\u00ebr 2 apo tri vjet. Ftesa e Met\u00ebs k\u00ebrkon nj\u00eb shqyrtim t\u00eb sistemit politik n\u00eb vend, q\u00eb ka \u00e7uar n\u00eb nj\u00eb degjenerim total t\u00eb Parlamentit shqiptar, i cili \u00ebsht\u00eb kthyer n\u00eb nj\u00eb haur, sepse nuk gjej fjal\u00eb m\u00eb civile, por dhe t\u00eb m\u00ebnyr\u00ebs s\u00eb votimit q\u00eb ka fal\u00eb nga \u00e7do standardi europian dhe t\u00eb raportit q\u00eb kan\u00eb institucionet, t\u00eb cilat jan\u00eb kthyer n\u00eb zyra t\u00eb PS-s\u00eb. Kjo \u00ebsht\u00eb ajo q\u00eb presin qytetar\u00ebt nga shtyrja e dat\u00ebs s\u00eb zgjedhjeve, jo nj\u00eb ulje tensionesh, por nj\u00eb ulje n\u00eb tryez\u00eb t\u00eb partive politike, por dhe klas\u00ebs intelektuale shqiptare p\u00ebr t\u00eb nd\u00ebrtuar nj\u00eb Shqip\u00ebri me t\u00eb v\u00ebrtet\u00eb moderne dhe europiane.<\/p>\n<p>&nbsp;<\/p>\n","protected":false},"excerpt":{"rendered":"<p>Politikani i njohur Neritan Ceka iu p\u00ebrgjigj deklaratave t\u00eb b\u00ebra dje nga Kryeministri Rama, duke th\u00ebn\u00eb se flet me gjuh\u00ebn e Elisa Spiropalit, nd\u00ebrsa e sfidon n\u00eb nj\u00eb gar\u00eb sa i takon mosh\u00ebs prej 70- vje\u00e7ari, q\u00eb Rama i p\u00ebrmendte. N\u00eb nj\u00eb intervist\u00eb p\u00ebr gazet\u00ebn \u2018Panorama\u2019, Ceka tha se qytetar\u00ebt nuk duhet t\u00eb dalin n\u00eb [&hellip;]<\/p>\n","protected":false},"author":2013,"featured_media":90398,"comment_status":"open","ping_status":"closed","sticky":false,"template":"","format":"standard","meta":{"footnotes":""},"categories":[241,235],"tags":[],"class_list":{"0":"post-90397","1":"post","2":"type-post","3":"status-publish","4":"format-standard","5":"has-post-thumbnail","7":"category-aktualitet","8":"category-vendi"},"_links":{"self":[{"href":"https:\/\/zjarr.tv\/sq\/wp-json\/wp\/v2\/posts\/90397","targetHints":{"allow":["GET"]}}],"collection":[{"href":"https:\/\/zjarr.tv\/sq\/wp-json\/wp\/v2\/posts"}],"about":[{"href":"https:\/\/zjarr.tv\/sq\/wp-json\/wp\/v2\/types\/post"}],"author":[{"embeddable":true,"href":"https:\/\/zjarr.tv\/sq\/wp-json\/wp\/v2\/users\/2013"}],"replies":[{"embeddable":true,"href":"https:\/\/zjarr.tv\/sq\/wp-json\/wp\/v2\/comments?post=90397"}],"version-history":[{"count":0,"href":"https:\/\/zjarr.tv\/sq\/wp-json\/wp\/v2\/posts\/90397\/revisions"}],"wp:featuredmedia":[{"embeddable":true,"href":"https:\/\/zjarr.tv\/sq\/wp-json\/wp\/v2\/media\/90398"}],"wp:attachment":[{"href":"https:\/\/zjarr.tv\/sq\/wp-json\/wp\/v2\/media?parent=90397"}],"wp:term":[{"taxonomy":"category","embeddable":true,"href":"https:\/\/zjarr.tv\/sq\/wp-json\/wp\/v2\/categories?post=90397"},{"taxonomy":"post_tag","embeddable":true,"href":"https:\/\/zjarr.tv\/sq\/wp-json\/wp\/v2\/tags?post=90397"}],"curies":[{"name":"wp","href":"https:\/\/api.w.org\/{rel}","templated":true}]}}