{"id":90408,"date":"2019-06-16T15:17:46","date_gmt":"2019-06-16T13:17:46","guid":{"rendered":"https:\/\/zjarr.tv\/?p=90408"},"modified":"2019-06-16T15:17:46","modified_gmt":"2019-06-16T13:17:46","slug":"arena-kombetare-drejt-perfundimit-njihuni-me-fazen-e-punimeve-ne-brendesi-te-saj","status":"publish","type":"post","link":"https:\/\/zjarr.tv\/sq\/arena-kombetare-drejt-perfundimit-njihuni-me-fazen-e-punimeve-ne-brendesi-te-saj\/","title":{"rendered":"\u201cArena Komb\u00ebtare\u201d drejt p\u00ebrfundimit, njihuni me faz\u00ebn e punimeve n\u00eb brend\u00ebsi t\u00eb saj"},"content":{"rendered":"<p>P\u00ebrmes nj\u00eb video n\u00eb rrjetet sociale, Federata Shqiptare e Futbollit ka zbuluar se n\u00eb cil\u00ebn faz\u00eb jan\u00eb punimet n\u00eb impiantin e stadiumit \u201cArena Komb\u00ebtares\u201d.<\/p>\n<p>Fasada e jashtme ka marr\u00eb form\u00eb thuajse plot\u00ebsisht, nd\u00ebrkoh\u00eb q\u00eb po punohet p\u00ebr sistemimin e stolave dhe m\u00eb pas shtrimit t\u00eb tapetit t\u00eb gjelb\u00ebr.<\/p>\n<p>Punimet po ecin me hapat e duhur, ku pritet q\u00eb stadiumi i ri n\u00eb kryeqytet t\u00eb jet\u00eb i gatsh\u00ebm p\u00ebr t\u00eb pritur takimin eliminator t\u00eb grupit H, mes Shqip\u00ebris\u00eb dhe Franc\u00ebs, i programuar p\u00ebr tu luajtur gjat\u00eb muajit shtator.<\/p>\n","protected":false},"excerpt":{"rendered":"<p>P\u00ebrmes nj\u00eb video n\u00eb rrjetet sociale, Federata Shqiptare e Futbollit ka zbuluar se n\u00eb cil\u00ebn faz\u00eb jan\u00eb punimet n\u00eb impiantin e stadiumit \u201cArena Komb\u00ebtares\u201d. Fasada e jashtme ka marr\u00eb form\u00eb thuajse plot\u00ebsisht, nd\u00ebrkoh\u00eb q\u00eb po punohet p\u00ebr sistemimin e stolave dhe m\u00eb pas shtrimit t\u00eb tapetit t\u00eb gjelb\u00ebr. Punimet po ecin me hapat e duhur, [&hellip;]<\/p>\n","protected":false},"author":2013,"featured_media":90409,"comment_status":"open","ping_status":"closed","sticky":false,"template":"","format":"standard","meta":{"footnotes":""},"categories":[241,235],"tags":[],"class_list":{"0":"post-90408","1":"post","2":"type-post","3":"status-publish","4":"format-standard","5":"has-post-thumbnail","7":"category-aktualitet","8":"category-vendi"},"_links":{"self":[{"href":"https:\/\/zjarr.tv\/sq\/wp-json\/wp\/v2\/posts\/90408","targetHints":{"allow":["GET"]}}],"collection":[{"href":"https:\/\/zjarr.tv\/sq\/wp-json\/wp\/v2\/posts"}],"about":[{"href":"https:\/\/zjarr.tv\/sq\/wp-json\/wp\/v2\/types\/post"}],"author":[{"embeddable":true,"href":"https:\/\/zjarr.tv\/sq\/wp-json\/wp\/v2\/users\/2013"}],"replies":[{"embeddable":true,"href":"https:\/\/zjarr.tv\/sq\/wp-json\/wp\/v2\/comments?post=90408"}],"version-history":[{"count":0,"href":"https:\/\/zjarr.tv\/sq\/wp-json\/wp\/v2\/posts\/90408\/revisions"}],"wp:featuredmedia":[{"embeddable":true,"href":"https:\/\/zjarr.tv\/sq\/wp-json\/wp\/v2\/media\/90409"}],"wp:attachment":[{"href":"https:\/\/zjarr.tv\/sq\/wp-json\/wp\/v2\/media?parent=90408"}],"wp:term":[{"taxonomy":"category","embeddable":true,"href":"https:\/\/zjarr.tv\/sq\/wp-json\/wp\/v2\/categories?post=90408"},{"taxonomy":"post_tag","embeddable":true,"href":"https:\/\/zjarr.tv\/sq\/wp-json\/wp\/v2\/tags?post=90408"}],"curies":[{"name":"wp","href":"https:\/\/api.w.org\/{rel}","templated":true}]}}