{"id":91410,"date":"2019-06-20T16:10:29","date_gmt":"2019-06-20T14:10:29","guid":{"rendered":"https:\/\/zjarr.tv\/?p=91410"},"modified":"2019-06-20T16:10:29","modified_gmt":"2019-06-20T14:10:29","slug":"basha-fton-qytetaret-ne-protesten-e-21-qershori-rruga-jone-e-vetme-zgjedhjet-e-lira","status":"publish","type":"post","link":"https:\/\/zjarr.tv\/sq\/basha-fton-qytetaret-ne-protesten-e-21-qershori-rruga-jone-e-vetme-zgjedhjet-e-lira\/","title":{"rendered":"Basha fton qytetar\u00ebt n\u00eb protest\u00ebn e 21 qershori\/ Rruga jon\u00eb e vetme, zgjedhjet e lira"},"content":{"rendered":"<p>Duke folur para gazetar\u00ebve n\u00eb nj\u00eb deklarat\u00eb t\u00eb jasht\u00ebzakonshme nga selia blu, lideri i opozit\u00ebs Lulzim Basha ka b\u00ebr\u00eb thirrje p\u00ebr shqiptar\u00eb q\u00eb t\u00eb bashkohen nes\u00ebr n\u00eb protest\u00ebn e madhe komb\u00ebtare.<\/p>\n<p>\u2018Zgjedhjet e lira dhe t\u00eb ndershme dhe nd\u00ebshkimi p\u00ebrmes drejt\u00ebsis\u00eb \u00ebsht\u00eb rruga jon\u00eb drejt s\u00eb ardhmes\u2019, u shpreh kreu i PD-s\u00eb Lulzim Basha gjat\u00eb konferenc\u00ebs p\u00ebr mediat.<\/p>\n<p>Pjes\u00eb nga deklarata e kreut t\u00eb PD-s\u00eb, Lulzim Basha:<\/p>\n<p>Shqip\u00ebria ka nevoj\u00eb p\u00ebr nj\u00eb operacion t\u00eb thell\u00eb p\u00ebr t\u00eb hequr kancerin e s\u00eb keqes dhe t\u00eb till\u00eb do ta ket\u00eb.<\/p>\n<p>Ajo pjes\u00eb e policis\u00eb, prokuroris\u00eb, administrat\u00ebs q\u00eb do t\u00eb mbetet do t\u00eb jet\u00eb vet\u00ebm pjesa e ndershme, e aft\u00eb dhe q\u00eb punon p\u00ebr interesin publik. Zgjedhjet e lira dhe t\u00eb ndershme dhe nd\u00ebshkimi p\u00ebrmes drejt\u00ebsis\u00eb \u00ebsht\u00eb rruga jon\u00eb drejt s\u00eb ardhmes.<\/p>\n<p>N\u00eb Shqip\u00ebri nuk do t\u00eb ket\u00eb m\u00eb t\u00eb fort\u00eb as n\u00eb politik\u00eb, as n\u00eb institucione dhe as n\u00eb rrug\u00eb. Boll m\u00eb me Shqip\u00ebrin\u00eb si pla\u00e7k\u00eb e tyre. Boll m\u00eb me shqiptar\u00ebt kok\u00ebulur dhe n\u00eb gjunj\u00eb para tyre. \u00cbsht\u00eb koha p\u00ebr Shqip\u00ebrin\u00eb e te gjith\u00eb shqiptar\u00ebve.<\/p>\n<p>P\u00ebr k\u00ebt\u00eb ju ftoj te bashkohemi si popull, si njer\u00ebz t\u00eb lir\u00eb, si prind\u00ebr dhe bij e bija shqiptar\u00ebsh t\u00eb ndersh\u00ebm, si qytetar\u00eb pa dallime partiake, nes\u00ebr n\u00eb or\u00ebn 20:00 n\u00eb protest\u00ebn komb\u00ebtare n\u00eb Tiran\u00eb.<\/p>\n<p>&nbsp;<\/p>\n","protected":false},"excerpt":{"rendered":"<p>Duke folur para gazetar\u00ebve n\u00eb nj\u00eb deklarat\u00eb t\u00eb jasht\u00ebzakonshme nga selia blu, lideri i opozit\u00ebs Lulzim Basha ka b\u00ebr\u00eb thirrje p\u00ebr shqiptar\u00eb q\u00eb t\u00eb bashkohen nes\u00ebr n\u00eb protest\u00ebn e madhe komb\u00ebtare. \u2018Zgjedhjet e lira dhe t\u00eb ndershme dhe nd\u00ebshkimi p\u00ebrmes drejt\u00ebsis\u00eb \u00ebsht\u00eb rruga jon\u00eb drejt s\u00eb ardhmes\u2019, u shpreh kreu i PD-s\u00eb Lulzim Basha gjat\u00eb [&hellip;]<\/p>\n","protected":false},"author":2013,"featured_media":0,"comment_status":"open","ping_status":"closed","sticky":false,"template":"","format":"standard","meta":{"footnotes":""},"categories":[241,235],"tags":[],"class_list":{"0":"post-91410","1":"post","2":"type-post","3":"status-publish","4":"format-standard","6":"category-aktualitet","7":"category-vendi"},"_links":{"self":[{"href":"https:\/\/zjarr.tv\/sq\/wp-json\/wp\/v2\/posts\/91410","targetHints":{"allow":["GET"]}}],"collection":[{"href":"https:\/\/zjarr.tv\/sq\/wp-json\/wp\/v2\/posts"}],"about":[{"href":"https:\/\/zjarr.tv\/sq\/wp-json\/wp\/v2\/types\/post"}],"author":[{"embeddable":true,"href":"https:\/\/zjarr.tv\/sq\/wp-json\/wp\/v2\/users\/2013"}],"replies":[{"embeddable":true,"href":"https:\/\/zjarr.tv\/sq\/wp-json\/wp\/v2\/comments?post=91410"}],"version-history":[{"count":0,"href":"https:\/\/zjarr.tv\/sq\/wp-json\/wp\/v2\/posts\/91410\/revisions"}],"wp:attachment":[{"href":"https:\/\/zjarr.tv\/sq\/wp-json\/wp\/v2\/media?parent=91410"}],"wp:term":[{"taxonomy":"category","embeddable":true,"href":"https:\/\/zjarr.tv\/sq\/wp-json\/wp\/v2\/categories?post=91410"},{"taxonomy":"post_tag","embeddable":true,"href":"https:\/\/zjarr.tv\/sq\/wp-json\/wp\/v2\/tags?post=91410"}],"curies":[{"name":"wp","href":"https:\/\/api.w.org\/{rel}","templated":true}]}}