{"id":91420,"date":"2019-06-20T16:14:11","date_gmt":"2019-06-20T14:14:11","guid":{"rendered":"https:\/\/zjarr.tv\/?p=91420"},"modified":"2019-06-20T16:14:11","modified_gmt":"2019-06-20T14:14:11","slug":"lleshaj-i-pergjigjet-bashes-naten-behesh-guerrilas-diten-prokuror","status":"publish","type":"post","link":"https:\/\/zjarr.tv\/sq\/lleshaj-i-pergjigjet-bashes-naten-behesh-guerrilas-diten-prokuror\/","title":{"rendered":"Lleshaj i p\u00ebrgjigjet Bash\u00ebs: Nat\u00ebn b\u00ebhesh guerrilas, dit\u00ebn prokuror"},"content":{"rendered":"<p>Ministri i Brendsh\u00ebm Sand\u00ebr Lleshaj i \u00ebsht\u00eb p\u00ebrgjigjur kreut t\u00eb opozit\u00ebs, Lulzim Basha, i fundit ky q\u00eb e paralajm\u00ebroi se do t\u00eb mbante p\u00ebrgjegj\u00ebsi ai dhe t\u00eb gjith\u00eb drejtor\u00ebt e policis\u00eb p\u00ebr situat\u00ebn e krijuar.<\/p>\n<p>N\u00eb nj\u00eb postim n\u00eb rrjetet sociale, Lleshaj shkruan se Basha nat\u00ebn b\u00ebhet guerrilas, duke hedhur nat\u00ebn zjarr kund\u00ebr shkollave dhe zgjedhjeve, nd\u00ebrsa dit\u00ebn b\u00ebhet prokuror.<\/p>\n<p><em>\u201cLulzim Basha vazhdon t\u00eb hedh\u00eb nat\u00ebn zjarr dhe dit\u00ebn k\u00ebrc\u00ebnime kund\u00ebr shkollave, zgjedhjeve, policis\u00eb etj.\u00a0<\/em><\/p>\n<p><em>Nat\u00ebn b\u00ebhet guerrilas dhe dit\u00ebn prokuror, nd\u00ebrkoh\u00eb q\u00eb \u00ebsht\u00eb thjesht nj\u00eb i pandehur i shum\u00ebfisht\u00eb. Keqardhje p\u00ebr degradimin\u201d,-<\/em>\u00a0shkruan Lleshaj.<\/p>\n<p>&nbsp;<\/p>\n","protected":false},"excerpt":{"rendered":"<p>Ministri i Brendsh\u00ebm Sand\u00ebr Lleshaj i \u00ebsht\u00eb p\u00ebrgjigjur kreut t\u00eb opozit\u00ebs, Lulzim Basha, i fundit ky q\u00eb e paralajm\u00ebroi se do t\u00eb mbante p\u00ebrgjegj\u00ebsi ai dhe t\u00eb gjith\u00eb drejtor\u00ebt e policis\u00eb p\u00ebr situat\u00ebn e krijuar. N\u00eb nj\u00eb postim n\u00eb rrjetet sociale, Lleshaj shkruan se Basha nat\u00ebn b\u00ebhet guerrilas, duke hedhur nat\u00ebn zjarr kund\u00ebr shkollave dhe [&hellip;]<\/p>\n","protected":false},"author":2013,"featured_media":61231,"comment_status":"open","ping_status":"closed","sticky":false,"template":"","format":"standard","meta":{"footnotes":""},"categories":[241,235],"tags":[],"class_list":{"0":"post-91420","1":"post","2":"type-post","3":"status-publish","4":"format-standard","5":"has-post-thumbnail","7":"category-aktualitet","8":"category-vendi"},"_links":{"self":[{"href":"https:\/\/zjarr.tv\/sq\/wp-json\/wp\/v2\/posts\/91420","targetHints":{"allow":["GET"]}}],"collection":[{"href":"https:\/\/zjarr.tv\/sq\/wp-json\/wp\/v2\/posts"}],"about":[{"href":"https:\/\/zjarr.tv\/sq\/wp-json\/wp\/v2\/types\/post"}],"author":[{"embeddable":true,"href":"https:\/\/zjarr.tv\/sq\/wp-json\/wp\/v2\/users\/2013"}],"replies":[{"embeddable":true,"href":"https:\/\/zjarr.tv\/sq\/wp-json\/wp\/v2\/comments?post=91420"}],"version-history":[{"count":0,"href":"https:\/\/zjarr.tv\/sq\/wp-json\/wp\/v2\/posts\/91420\/revisions"}],"wp:featuredmedia":[{"embeddable":true,"href":"https:\/\/zjarr.tv\/sq\/wp-json\/wp\/v2\/media\/61231"}],"wp:attachment":[{"href":"https:\/\/zjarr.tv\/sq\/wp-json\/wp\/v2\/media?parent=91420"}],"wp:term":[{"taxonomy":"category","embeddable":true,"href":"https:\/\/zjarr.tv\/sq\/wp-json\/wp\/v2\/categories?post=91420"},{"taxonomy":"post_tag","embeddable":true,"href":"https:\/\/zjarr.tv\/sq\/wp-json\/wp\/v2\/tags?post=91420"}],"curies":[{"name":"wp","href":"https:\/\/api.w.org\/{rel}","templated":true}]}}