{"id":91453,"date":"2019-06-20T17:02:37","date_gmt":"2019-06-20T15:02:37","guid":{"rendered":"https:\/\/zjarr.tv\/?p=91453"},"modified":"2019-06-20T17:02:37","modified_gmt":"2019-06-20T15:02:37","slug":"aksidenti-tragjik-i-emiliano-sala-policia-britanike-arreston-te-dyshuarin-e-pare","status":"publish","type":"post","link":"https:\/\/zjarr.tv\/sq\/aksidenti-tragjik-i-emiliano-sala-policia-britanike-arreston-te-dyshuarin-e-pare\/","title":{"rendered":"Aksidenti tragjik i Emiliano Sala, policia britanike arreston t\u00eb dyshuarin e par\u00eb"},"content":{"rendered":"<p>Kan\u00eb kaluar shum\u00eb dit\u00eb nga zhdukja e mistershme e mjetit fluturues, n\u00eb t\u00eb cilin humbi jet\u00ebn ish-futbollisti, Emiliano Sala.<\/p>\n<p>Por edhe pse pothuajse 5 muaj m\u00eb von\u00eb hetimet rreth k\u00ebsaj ngjarje vijojn\u00eb, teksa policia britanike duket se ka gjetur edhe shkaktarin kryesor t\u00eb k\u00ebtij aksidenti. Nj\u00eb 64 vje\u00e7ar m\u00ebsohet se \u00ebsht\u00eb v\u00ebn\u00eb n\u00eb pranga, pas nj\u00eb hetimi t\u00eb gjat\u00eb q\u00eb policia britanike zhvilloi p\u00ebr t\u00eb zbardhur shkakun e aksidentit tragjik.<\/p>\n<p><em>\u201cNe kemi kryer nj\u00eb hetim t\u00eb gjer\u00eb t\u00eb rrethanave t\u00eb vdekjes s\u00eb zotit Sala dhe vazhdojm\u00eb t\u00eb punojm\u00eb me agjencit\u00eb partnere duke p\u00ebrfshir\u00eb Autoritetin e Aviacionit Civil. Si pjes\u00eb e k\u00ebtij hetimi, po shqyrtojm\u00eb n\u00ebse ekziston ndonj\u00eb d\u00ebshmi se mos ka pasur goditje me arm\u00eb zjarri t\u00eb mjetit fluturues dhe si rezultat i hetimeve tona, ne kemi arrestuar nj\u00eb burr\u00eb 64 vje\u00e7ar nga zona e Yorkshire e Veriut. \u00a0<\/em><\/p>\n<p><em>\u201cAi po ndihmon n\u00eb zbardhjen e ngjarjen dhe \u00ebsht\u00eb liruar nga paraburgimi. Kjo \u00e7\u00ebshtje prandaj \u00ebsht\u00eb ende subjekt i nj\u00eb hetimi t\u00eb gjall\u00eb dhe un\u00eb do t\u2019i k\u00ebrkoj mediave dhe an\u00ebtar\u00ebve t\u00eb publikut t\u00eb p\u00ebrmbahen nga spekulimet, pasi kjo mund t\u00eb shkaktoj\u00eb shqet\u00ebsime shtes\u00eb p\u00ebr familjet e p\u00ebrfshira, si dhe mund t\u00eb pengoj\u00eb hetimin.<\/em><\/p>\n<p><em>\u201cAshtu si\u00e7 \u00ebsht\u00eb praktika standarde, ne nuk do t\u00eb l\u00ebshojm\u00eb ndonj\u00eb informacion t\u00eb m\u00ebtejsh\u00ebm lidhur me identitetin e personit i cili \u00ebsht\u00eb arrestuar, p\u00ebrve\u00e7 n\u00ebse ky person \u00ebsht\u00eb akuzuar dhe do t\u00eb paraqitet n\u00eb gjykat\u00eb, pasi do t\u00eb dekurajonte \u00e7do spekulim lidhur me k\u00ebt\u00eb<\/em>.\u201d-tha Simon Huxter nga Policia Dorset.<\/p>\n<p>Futbollisti argjentinas nd\u00ebrroi jet\u00eb tragjikisht n\u00eb nj\u00eb aksident n\u00eb aeroplan menj\u00ebher\u00eb pas n\u00ebnshkrimit me\u00a0Cardiff City\u00a0n\u00eb janar t\u00eb k\u00ebtij viti, s\u00eb bashku me pilotin\u00a0<strong>D<\/strong>avid Ibbotson. Trupi i lojtarit u gjet n\u00eb shkurt por fati i Ibbotson mbetet ende mister.<\/p>\n<p>&nbsp;<\/p>\n<p>&nbsp;<\/p>\n","protected":false},"excerpt":{"rendered":"<p>Kan\u00eb kaluar shum\u00eb dit\u00eb nga zhdukja e mistershme e mjetit fluturues, n\u00eb t\u00eb cilin humbi jet\u00ebn ish-futbollisti, Emiliano Sala. Por edhe pse pothuajse 5 muaj m\u00eb von\u00eb hetimet rreth k\u00ebsaj ngjarje vijojn\u00eb, teksa policia britanike duket se ka gjetur edhe shkaktarin kryesor t\u00eb k\u00ebtij aksidenti. Nj\u00eb 64 vje\u00e7ar m\u00ebsohet se \u00ebsht\u00eb v\u00ebn\u00eb n\u00eb pranga, pas [&hellip;]<\/p>\n","protected":false},"author":2013,"featured_media":91454,"comment_status":"open","ping_status":"closed","sticky":false,"template":"","format":"standard","meta":{"footnotes":""},"categories":[241,192],"tags":[],"class_list":{"0":"post-91453","1":"post","2":"type-post","3":"status-publish","4":"format-standard","5":"has-post-thumbnail","7":"category-aktualitet","8":"category-sport"},"_links":{"self":[{"href":"https:\/\/zjarr.tv\/sq\/wp-json\/wp\/v2\/posts\/91453","targetHints":{"allow":["GET"]}}],"collection":[{"href":"https:\/\/zjarr.tv\/sq\/wp-json\/wp\/v2\/posts"}],"about":[{"href":"https:\/\/zjarr.tv\/sq\/wp-json\/wp\/v2\/types\/post"}],"author":[{"embeddable":true,"href":"https:\/\/zjarr.tv\/sq\/wp-json\/wp\/v2\/users\/2013"}],"replies":[{"embeddable":true,"href":"https:\/\/zjarr.tv\/sq\/wp-json\/wp\/v2\/comments?post=91453"}],"version-history":[{"count":0,"href":"https:\/\/zjarr.tv\/sq\/wp-json\/wp\/v2\/posts\/91453\/revisions"}],"wp:featuredmedia":[{"embeddable":true,"href":"https:\/\/zjarr.tv\/sq\/wp-json\/wp\/v2\/media\/91454"}],"wp:attachment":[{"href":"https:\/\/zjarr.tv\/sq\/wp-json\/wp\/v2\/media?parent=91453"}],"wp:term":[{"taxonomy":"category","embeddable":true,"href":"https:\/\/zjarr.tv\/sq\/wp-json\/wp\/v2\/categories?post=91453"},{"taxonomy":"post_tag","embeddable":true,"href":"https:\/\/zjarr.tv\/sq\/wp-json\/wp\/v2\/tags?post=91453"}],"curies":[{"name":"wp","href":"https:\/\/api.w.org\/{rel}","templated":true}]}}