{"id":91455,"date":"2019-06-20T17:24:53","date_gmt":"2019-06-20T15:24:53","guid":{"rendered":"https:\/\/zjarr.tv\/?p=91455"},"modified":"2019-06-20T17:24:53","modified_gmt":"2019-06-20T15:24:53","slug":"imzot-fredo-apel-politikes-duajeni-shqiperine-me-shume-se-partite-hapni-kapitull-te-ri","status":"publish","type":"post","link":"https:\/\/zjarr.tv\/sq\/imzot-fredo-apel-politikes-duajeni-shqiperine-me-shume-se-partite-hapni-kapitull-te-ri\/","title":{"rendered":"Imzot Fredo apel politik\u00ebs: Duajeni Shqip\u00ebrin\u00eb m\u00eb shum\u00eb se partit\u00eb, hapni kapitull t\u00eb ri"},"content":{"rendered":"<p>Kreu i Kish\u00ebs katolike t\u00eb Shqip\u00ebris\u00eb, imzot Xhorxh Frendo, ka mbajtur nj\u00eb deklarat\u00eb p\u00ebr mediat n\u00eb lidhje me situat\u00ebn politike n\u00eb vendin ton\u00eb.<\/p>\n<p>Ai shprehet se, politikan\u00ebt nuk duhet t\u00eb p\u00ebr\u00e7ajn\u00eb shqiptar\u00ebt duke iu k\u00ebrkuar gjetjen e nj\u00eb zgjidhjeje paq\u00ebsore.<\/p>\n<p>\u201cDo t\u00eb lexoj apelin q\u00eb b\u00ebjm\u00eb ne si Ipeshqvi katolike. Do ta lexoj n\u00eb em\u00ebr t\u00eb Ky \u00ebsht\u00eb nj\u00eb apel kushtuar politikan\u00ebve. Edhe nj\u00ebher\u00eb ju drejtohemi juve q\u00eb z\u00ebri yn\u00eb t\u00eb gjej\u00eb jehon\u00eb n\u00eb zemret tuaja. Jemi t\u00eb vet\u00ebdijsh\u00ebm p\u00ebr situat\u00ebn kritike n\u00eb vend. Sidomos gjat\u00eb dit\u00ebve t\u00eb fundit kemi lexuar shkrime t\u00eb shum\u00eb personave. K\u00ebta mendojn\u00eb se situata do t\u00eb p\u00ebrkeq\u00ebsohet n\u00eb vendin ton\u00eb. Si na ka m\u00ebsuar historia, n\u00eb t\u00eb ardhmen do iu b\u00ebj\u00eb p\u00ebrgjegj\u00ebs p\u00ebr d\u00ebmtim q\u00eb i keni shkaktuar atdheut.<\/p>\n<p>N\u00eb em\u00ebr t\u00eb Zotit, ne katolik\u00ebt iu lutemi t\u00eb dhuroni dashuri ndaj Shqip\u00ebris\u00eb dhe shqiptar\u00ebve, duke na treguar se me vendosm\u00ebri t\u00eb k\u00ebrkoni zgjidhje paq\u00ebsore p\u00ebr k\u00ebt\u00eb situat\u00eb. Nuk duam q\u00eb e keqja t\u00eb na \u00e7oj\u00eb n\u00eb t\u00eb keqe m\u00eb t\u00eb madhe. Nuk mund t\u00eb mbyllim syt\u00eb p\u00ebr anomalit\u00eb q\u00eb ekzistojn\u00eb. Nuk ka paqe t\u00eb v\u00ebrtet\u00eb n\u00ebse nuk nd\u00ebrtohet mbi drejt\u00ebsin\u00eb. Harroni sulmet ndaj nj\u00ebri-tjetrit. Duajini Shqip\u00ebrin\u00eb m\u00eb shum\u00eb se partit\u00eb. Shumica e popullit ton\u00eb k\u00ebrkon prej jush vullnet, q\u00eb t\u00eb mos shkojm\u00eb n\u00eb humner\u00eb vdekjeprur\u00ebse. Hapni kapitull t\u00eb ri n\u00eb politik\u00eb. Besimet fetare kan\u00eb harmoni, e politika nuk duhet t\u00eb p\u00ebr\u00e7aj\u00eb popullin shqiptar. Zoti iu dh\u00ebnt\u00eb guxim p\u00ebr t\u00eb gjetur rrug\u00ebn e drejt\u00eb dhe t\u00eb paqes\u201d, shprehet\u00a0Imzot Xhorxh Frendo.<\/p>\n<p>&nbsp;<\/p>\n<p>&nbsp;<\/p>\n","protected":false},"excerpt":{"rendered":"<p>Kreu i Kish\u00ebs katolike t\u00eb Shqip\u00ebris\u00eb, imzot Xhorxh Frendo, ka mbajtur nj\u00eb deklarat\u00eb p\u00ebr mediat n\u00eb lidhje me situat\u00ebn politike n\u00eb vendin ton\u00eb. Ai shprehet se, politikan\u00ebt nuk duhet t\u00eb p\u00ebr\u00e7ajn\u00eb shqiptar\u00ebt duke iu k\u00ebrkuar gjetjen e nj\u00eb zgjidhjeje paq\u00ebsore. \u201cDo t\u00eb lexoj apelin q\u00eb b\u00ebjm\u00eb ne si Ipeshqvi katolike. Do ta lexoj n\u00eb em\u00ebr [&hellip;]<\/p>\n","protected":false},"author":2013,"featured_media":80243,"comment_status":"open","ping_status":"closed","sticky":false,"template":"","format":"standard","meta":{"footnotes":""},"categories":[241,235],"tags":[],"class_list":{"0":"post-91455","1":"post","2":"type-post","3":"status-publish","4":"format-standard","5":"has-post-thumbnail","7":"category-aktualitet","8":"category-vendi"},"_links":{"self":[{"href":"https:\/\/zjarr.tv\/sq\/wp-json\/wp\/v2\/posts\/91455","targetHints":{"allow":["GET"]}}],"collection":[{"href":"https:\/\/zjarr.tv\/sq\/wp-json\/wp\/v2\/posts"}],"about":[{"href":"https:\/\/zjarr.tv\/sq\/wp-json\/wp\/v2\/types\/post"}],"author":[{"embeddable":true,"href":"https:\/\/zjarr.tv\/sq\/wp-json\/wp\/v2\/users\/2013"}],"replies":[{"embeddable":true,"href":"https:\/\/zjarr.tv\/sq\/wp-json\/wp\/v2\/comments?post=91455"}],"version-history":[{"count":0,"href":"https:\/\/zjarr.tv\/sq\/wp-json\/wp\/v2\/posts\/91455\/revisions"}],"wp:featuredmedia":[{"embeddable":true,"href":"https:\/\/zjarr.tv\/sq\/wp-json\/wp\/v2\/media\/80243"}],"wp:attachment":[{"href":"https:\/\/zjarr.tv\/sq\/wp-json\/wp\/v2\/media?parent=91455"}],"wp:term":[{"taxonomy":"category","embeddable":true,"href":"https:\/\/zjarr.tv\/sq\/wp-json\/wp\/v2\/categories?post=91455"},{"taxonomy":"post_tag","embeddable":true,"href":"https:\/\/zjarr.tv\/sq\/wp-json\/wp\/v2\/tags?post=91455"}],"curies":[{"name":"wp","href":"https:\/\/api.w.org\/{rel}","templated":true}]}}